{"id":303,"date":"2021-01-10T20:11:22","date_gmt":"2021-01-10T20:11:22","guid":{"rendered":"http:\/\/www.galiciatips.com\/en\/?p=303"},"modified":"2021-01-10T20:11:24","modified_gmt":"2021-01-10T20:11:24","slug":"la-gaita-bagpipe-galician-style-susana-seivane-dende-o-meu-balcon","status":"publish","type":"post","link":"https:\/\/www.galiciatips.com\/en\/2021\/01\/10\/la-gaita-bagpipe-galician-style-susana-seivane-dende-o-meu-balcon\/","title":{"rendered":"La Gaita, bagpipe Galician style: Susana Seivane \u2013 dende o meu balc\u00f3n"},"content":{"rendered":"\n<p>At the end of 2020 the famous Galician bagpipe player Susane Seivane released a brand new album: <em>Dende o meu balc\u00f3n<\/em>. A marvellous album full of bagpipe songs. Feel like you&#8217;re in Galicia while listening the bagpipe, <em>la gaita<\/em>, in Galician style.<\/p>\n\n\n\n<figure class=\"wp-block-image size-large is-resized\"><img data-recalc-dims=\"1\" loading=\"lazy\" decoding=\"async\" data-attachment-id=\"305\" data-permalink=\"https:\/\/www.galiciatips.com\/en\/2021\/01\/10\/la-gaita-bagpipe-galician-style-susana-seivane-dende-o-meu-balcon\/7-s-portada-dende-o-meu-balcon\/\" data-orig-file=\"https:\/\/i0.wp.com\/www.galiciatips.com\/en\/files\/2021\/01\/7-s-Portada-dende-o-meu-balcon.jpg?fit=981%2C981&amp;ssl=1\" data-orig-size=\"981,981\" data-comments-opened=\"1\" data-image-meta=\"{&quot;aperture&quot;:&quot;0&quot;,&quot;credit&quot;:&quot;&quot;,&quot;camera&quot;:&quot;&quot;,&quot;caption&quot;:&quot;&quot;,&quot;created_timestamp&quot;:&quot;0&quot;,&quot;copyright&quot;:&quot;&quot;,&quot;focal_length&quot;:&quot;0&quot;,&quot;iso&quot;:&quot;0&quot;,&quot;shutter_speed&quot;:&quot;0&quot;,&quot;title&quot;:&quot;&quot;,&quot;orientation&quot;:&quot;0&quot;}\" data-image-title=\"7-s-Portada-dende-o-meu-balcon\" data-image-description=\"\" data-image-caption=\"\" data-medium-file=\"https:\/\/i0.wp.com\/www.galiciatips.com\/en\/files\/2021\/01\/7-s-Portada-dende-o-meu-balcon.jpg?fit=300%2C300&amp;ssl=1\" data-large-file=\"https:\/\/i0.wp.com\/www.galiciatips.com\/en\/files\/2021\/01\/7-s-Portada-dende-o-meu-balcon.jpg?fit=981%2C981&amp;ssl=1\" src=\"https:\/\/i0.wp.com\/www.galiciatips.com\/en\/files\/2021\/01\/7-s-Portada-dende-o-meu-balcon.jpg?resize=245%2C245&#038;ssl=1\" alt=\"\" class=\"wp-image-305\" width=\"245\" height=\"245\" srcset=\"https:\/\/i0.wp.com\/www.galiciatips.com\/en\/files\/2021\/01\/7-s-Portada-dende-o-meu-balcon.jpg?w=981&amp;ssl=1 981w, https:\/\/i0.wp.com\/www.galiciatips.com\/en\/files\/2021\/01\/7-s-Portada-dende-o-meu-balcon.jpg?resize=300%2C300&amp;ssl=1 300w, https:\/\/i0.wp.com\/www.galiciatips.com\/en\/files\/2021\/01\/7-s-Portada-dende-o-meu-balcon.jpg?resize=150%2C150&amp;ssl=1 150w, https:\/\/i0.wp.com\/www.galiciatips.com\/en\/files\/2021\/01\/7-s-Portada-dende-o-meu-balcon.jpg?resize=768%2C768&amp;ssl=1 768w, https:\/\/i0.wp.com\/www.galiciatips.com\/en\/files\/2021\/01\/7-s-Portada-dende-o-meu-balcon.jpg?resize=510%2C510&amp;ssl=1 510w\" sizes=\"auto, (max-width: 245px) 100vw, 245px\" \/><\/figure>\n\n\n\n<h2 class=\"wp-block-heading\" id=\"block-7eea1bf4-2ac4-4719-9cf3-b6646d507ad9\">How does <em>Dende o meu balc\u00f3n<\/em> sounds?<\/h2>\n\n\n\n<p id=\"block-b787ef15-f8e6-4746-9d96-7e3ff1899e72\">Susane Seivane presents a modern performance with the classical bagpipe on this new album. Listening the album you will experience everything the bagpipe has to offer. Seivane uses up to 6 different Galician bagpipes on the album.<\/p>\n\n\n\n<p id=\"block-4600739b-083a-4c4d-ad48-b0ebb8f2dcdb\"><em>Dende o meu balc\u00f3n<\/em> is Seivanes sixth full length album. Her father and grandfather were also famous bagpipe players. In earlier days it wasn&#8217;t common for women to play the bagpipe, but Seivane demonstrates that she manages the instrument exceptionally well. <\/p>\n\n\n\n<p>The album consists of 22 tracks, most of them are instrumental. The album is made up from 55 more or less known (Galician) tracks that are bond to a medley. One of the tracks is an instrumental bagpipe version of the Galician national anthem, <em>o himno Galego<\/em>.<br>The 22 tracks let you discover the versatility of the bagpipe. From dreamy soundscapes, to expressive folklore and uplifting rumbas. Many tracks are accompanied by percussion and some of them also with vocals.<\/p>\n\n\n\n<h2 class=\"wp-block-heading\">Galicia and <em>la gaita<\/em>, the bagpipe<\/h2>\n\n\n\n<p>When hearing a bagpipe most people will think of Scotland. Nevertheless the bagpipe is also the folkloric instrument of Galicia. The bagpipe is a result of the celtic history of Galicia. Previously Galicia and Scotland both were part of the celtic league.<\/p>\n\n\n\n<p>In Galician (and Spanish) the instrument is called &#8216;<em>la gaita<\/em>&#8216;. If you&#8217;ve ever visited Santiago de Compostela you&#8217;ve probably heard the recognizable sound of the bagpipe. In the surroundings of the cathedral you can always find a &#8216;<em>gaitero<\/em>&#8216;, bagpipe player.<\/p>\n\n\n\n<h2 class=\"wp-block-heading\">Listen to Susana Seivane \u2013 dende o meu balc\u00f3n<\/h2>\n\n\n\n<figure class=\"wp-block-embed is-type-rich is-provider-spotify wp-block-embed-spotify wp-embed-aspect-9-16 wp-has-aspect-ratio\"><div class=\"wp-block-embed__wrapper\">\n<iframe loading=\"lazy\" title=\"Spotify Embed: Dende o meu Balc\u00f3n\" width=\"300\" height=\"380\" allowtransparency=\"true\" frameborder=\"0\" allow=\"encrypted-media\" src=\"https:\/\/open.spotify.com\/embed\/album\/4wIdzE2j4F90Zewmd1yThL?si=dJ4jStdpQWWo5PARxvJGrw\"><\/iframe>\n<\/div><figcaption><em>Susana Seivana &#8211; dende o meu balc\u00f3n<\/em> op Spotify<\/figcaption><\/figure>\n","protected":false},"excerpt":{"rendered":"<p>At the end of 2020 the famous Galician bagpipe player Susane Seivane released a brand new album: Dende o meu balc\u00f3n. A marvellous album full of bagpipe songs. Feel like you&#8217;re in Galicia while listening the bagpipe, la gaita, in Galician style. How does Dende o meu balc\u00f3n sounds? Susane Seivane presents a modern performance [&hellip;]<\/p>\n","protected":false},"author":1,"featured_media":305,"comment_status":"open","ping_status":"open","sticky":false,"template":"","format":"standard","meta":{"_monsterinsights_skip_tracking":false,"_monsterinsights_sitenote_active":false,"_monsterinsights_sitenote_note":"","_monsterinsights_sitenote_category":0,"jetpack_post_was_ever_published":false,"_jetpack_newsletter_access":"","_jetpack_dont_email_post_to_subs":false,"_jetpack_newsletter_tier_id":0,"_jetpack_memberships_contains_paywalled_content":false,"_jetpack_memberships_contains_paid_content":false,"footnotes":""},"categories":[1],"tags":[10],"class_list":{"0":"post-303","1":"post","2":"type-post","3":"status-publish","4":"format-standard","5":"has-post-thumbnail","7":"category-blog","8":"tag-culture","9":"czr-hentry"},"yoast_head":"<!-- This site is optimized with the Yoast SEO plugin v26.7 - https:\/\/yoast.com\/wordpress\/plugins\/seo\/ -->\n<title>La Gaita, bagpipe Galician style: Susana Seivane \u2013 dende o meu balc\u00f3n - Galicia Tips - All about Galicia<\/title>\n<meta name=\"robots\" content=\"index, follow, max-snippet:-1, max-image-preview:large, max-video-preview:-1\" \/>\n<link rel=\"canonical\" href=\"https:\/\/www.galiciatips.com\/en\/2021\/01\/10\/la-gaita-bagpipe-galician-style-susana-seivane-dende-o-meu-balcon\/\" \/>\n<meta property=\"og:locale\" content=\"en_US\" \/>\n<meta property=\"og:type\" content=\"article\" \/>\n<meta property=\"og:title\" content=\"La Gaita, bagpipe Galician style: Susana Seivane \u2013 dende o meu balc\u00f3n - Galicia Tips - All about Galicia\" \/>\n<meta property=\"og:description\" content=\"At the end of 2020 the famous Galician bagpipe player Susane Seivane released a brand new album: Dende o meu balc\u00f3n. A marvellous album full of bagpipe songs. Feel like you&#8217;re in Galicia while listening the bagpipe, la gaita, in Galician style. How does Dende o meu balc\u00f3n sounds? Susane Seivane presents a modern performance [&hellip;]\" \/>\n<meta property=\"og:url\" content=\"https:\/\/www.galiciatips.com\/en\/2021\/01\/10\/la-gaita-bagpipe-galician-style-susana-seivane-dende-o-meu-balcon\/\" \/>\n<meta property=\"og:site_name\" content=\"Galicia Tips - All about Galicia\" \/>\n<meta property=\"article:published_time\" content=\"2021-01-10T20:11:22+00:00\" \/>\n<meta property=\"article:modified_time\" content=\"2021-01-10T20:11:24+00:00\" \/>\n<meta property=\"og:image\" content=\"https:\/\/i1.wp.com\/www.galiciatips.com\/en\/files\/2021\/01\/7-s-Portada-dende-o-meu-balcon.jpg?fit=981%2C981&ssl=1\" \/>\n\t<meta property=\"og:image:width\" content=\"981\" \/>\n\t<meta property=\"og:image:height\" content=\"981\" \/>\n\t<meta property=\"og:image:type\" content=\"image\/jpeg\" \/>\n<meta name=\"author\" content=\"Rob\" \/>\n<meta name=\"twitter:card\" content=\"summary_large_image\" \/>\n<meta name=\"twitter:label1\" content=\"Written by\" \/>\n\t<meta name=\"twitter:data1\" content=\"Rob\" \/>\n\t<meta name=\"twitter:label2\" content=\"Est. reading time\" \/>\n\t<meta name=\"twitter:data2\" content=\"2 minutes\" \/>\n<script type=\"application\/ld+json\" class=\"yoast-schema-graph\">{\"@context\":\"https:\/\/schema.org\",\"@graph\":[{\"@type\":\"Article\",\"@id\":\"https:\/\/www.galiciatips.com\/en\/2021\/01\/10\/la-gaita-bagpipe-galician-style-susana-seivane-dende-o-meu-balcon\/#article\",\"isPartOf\":{\"@id\":\"https:\/\/www.galiciatips.com\/en\/2021\/01\/10\/la-gaita-bagpipe-galician-style-susana-seivane-dende-o-meu-balcon\/\"},\"author\":{\"name\":\"Rob\",\"@id\":\"https:\/\/www.galiciatips.com\/en\/#\/schema\/person\/4d098088ec5620d4b1ac492389bfab15\"},\"headline\":\"La Gaita, bagpipe Galician style: Susana Seivane \u2013 dende o meu balc\u00f3n\",\"datePublished\":\"2021-01-10T20:11:22+00:00\",\"dateModified\":\"2021-01-10T20:11:24+00:00\",\"mainEntityOfPage\":{\"@id\":\"https:\/\/www.galiciatips.com\/en\/2021\/01\/10\/la-gaita-bagpipe-galician-style-susana-seivane-dende-o-meu-balcon\/\"},\"wordCount\":338,\"commentCount\":0,\"publisher\":{\"@id\":\"https:\/\/www.galiciatips.com\/en\/#organization\"},\"image\":{\"@id\":\"https:\/\/www.galiciatips.com\/en\/2021\/01\/10\/la-gaita-bagpipe-galician-style-susana-seivane-dende-o-meu-balcon\/#primaryimage\"},\"thumbnailUrl\":\"https:\/\/i0.wp.com\/www.galiciatips.com\/en\/files\/2021\/01\/7-s-Portada-dende-o-meu-balcon.jpg?fit=981%2C981&ssl=1\",\"keywords\":[\"culture\"],\"articleSection\":[\"Blog\"],\"inLanguage\":\"en-US\",\"potentialAction\":[{\"@type\":\"CommentAction\",\"name\":\"Comment\",\"target\":[\"https:\/\/www.galiciatips.com\/en\/2021\/01\/10\/la-gaita-bagpipe-galician-style-susana-seivane-dende-o-meu-balcon\/#respond\"]}]},{\"@type\":\"WebPage\",\"@id\":\"https:\/\/www.galiciatips.com\/en\/2021\/01\/10\/la-gaita-bagpipe-galician-style-susana-seivane-dende-o-meu-balcon\/\",\"url\":\"https:\/\/www.galiciatips.com\/en\/2021\/01\/10\/la-gaita-bagpipe-galician-style-susana-seivane-dende-o-meu-balcon\/\",\"name\":\"La Gaita, bagpipe Galician style: Susana Seivane \u2013 dende o meu balc\u00f3n - Galicia Tips - All about Galicia\",\"isPartOf\":{\"@id\":\"https:\/\/www.galiciatips.com\/en\/#website\"},\"primaryImageOfPage\":{\"@id\":\"https:\/\/www.galiciatips.com\/en\/2021\/01\/10\/la-gaita-bagpipe-galician-style-susana-seivane-dende-o-meu-balcon\/#primaryimage\"},\"image\":{\"@id\":\"https:\/\/www.galiciatips.com\/en\/2021\/01\/10\/la-gaita-bagpipe-galician-style-susana-seivane-dende-o-meu-balcon\/#primaryimage\"},\"thumbnailUrl\":\"https:\/\/i0.wp.com\/www.galiciatips.com\/en\/files\/2021\/01\/7-s-Portada-dende-o-meu-balcon.jpg?fit=981%2C981&ssl=1\",\"datePublished\":\"2021-01-10T20:11:22+00:00\",\"dateModified\":\"2021-01-10T20:11:24+00:00\",\"breadcrumb\":{\"@id\":\"https:\/\/www.galiciatips.com\/en\/2021\/01\/10\/la-gaita-bagpipe-galician-style-susana-seivane-dende-o-meu-balcon\/#breadcrumb\"},\"inLanguage\":\"en-US\",\"potentialAction\":[{\"@type\":\"ReadAction\",\"target\":[\"https:\/\/www.galiciatips.com\/en\/2021\/01\/10\/la-gaita-bagpipe-galician-style-susana-seivane-dende-o-meu-balcon\/\"]}]},{\"@type\":\"ImageObject\",\"inLanguage\":\"en-US\",\"@id\":\"https:\/\/www.galiciatips.com\/en\/2021\/01\/10\/la-gaita-bagpipe-galician-style-susana-seivane-dende-o-meu-balcon\/#primaryimage\",\"url\":\"https:\/\/i0.wp.com\/www.galiciatips.com\/en\/files\/2021\/01\/7-s-Portada-dende-o-meu-balcon.jpg?fit=981%2C981&ssl=1\",\"contentUrl\":\"https:\/\/i0.wp.com\/www.galiciatips.com\/en\/files\/2021\/01\/7-s-Portada-dende-o-meu-balcon.jpg?fit=981%2C981&ssl=1\",\"width\":981,\"height\":981},{\"@type\":\"BreadcrumbList\",\"@id\":\"https:\/\/www.galiciatips.com\/en\/2021\/01\/10\/la-gaita-bagpipe-galician-style-susana-seivane-dende-o-meu-balcon\/#breadcrumb\",\"itemListElement\":[{\"@type\":\"ListItem\",\"position\":1,\"name\":\"Home\",\"item\":\"https:\/\/www.galiciatips.com\/en\/\"},{\"@type\":\"ListItem\",\"position\":2,\"name\":\"La Gaita, bagpipe Galician style: Susana Seivane \u2013 dende o meu balc\u00f3n\"}]},{\"@type\":\"WebSite\",\"@id\":\"https:\/\/www.galiciatips.com\/en\/#website\",\"url\":\"https:\/\/www.galiciatips.com\/en\/\",\"name\":\"Galicia Tips - All about Galicia\",\"description\":\"All about Galicia\",\"publisher\":{\"@id\":\"https:\/\/www.galiciatips.com\/en\/#organization\"},\"potentialAction\":[{\"@type\":\"SearchAction\",\"target\":{\"@type\":\"EntryPoint\",\"urlTemplate\":\"https:\/\/www.galiciatips.com\/en\/?s={search_term_string}\"},\"query-input\":{\"@type\":\"PropertyValueSpecification\",\"valueRequired\":true,\"valueName\":\"search_term_string\"}}],\"inLanguage\":\"en-US\"},{\"@type\":\"Organization\",\"@id\":\"https:\/\/www.galiciatips.com\/en\/#organization\",\"name\":\"Galicia Tips\",\"url\":\"https:\/\/www.galiciatips.com\/en\/\",\"logo\":{\"@type\":\"ImageObject\",\"inLanguage\":\"en-US\",\"@id\":\"https:\/\/www.galiciatips.com\/en\/#\/schema\/logo\/image\/\",\"url\":\"https:\/\/www.galiciatips.com\/en\/files\/2018\/09\/GALICIA-TIPS-LOGO.png\",\"contentUrl\":\"https:\/\/www.galiciatips.com\/en\/files\/2018\/09\/GALICIA-TIPS-LOGO.png\",\"width\":960,\"height\":720,\"caption\":\"Galicia Tips\"},\"image\":{\"@id\":\"https:\/\/www.galiciatips.com\/en\/#\/schema\/logo\/image\/\"}},{\"@type\":\"Person\",\"@id\":\"https:\/\/www.galiciatips.com\/en\/#\/schema\/person\/4d098088ec5620d4b1ac492389bfab15\",\"name\":\"Rob\",\"image\":{\"@type\":\"ImageObject\",\"inLanguage\":\"en-US\",\"@id\":\"https:\/\/www.galiciatips.com\/en\/#\/schema\/person\/image\/\",\"url\":\"https:\/\/secure.gravatar.com\/avatar\/aeb4272367a5af276051d486efadd3252790eb1d571ad00ff1e1089b27703ad5?s=96&d=mm&r=g\",\"contentUrl\":\"https:\/\/secure.gravatar.com\/avatar\/aeb4272367a5af276051d486efadd3252790eb1d571ad00ff1e1089b27703ad5?s=96&d=mm&r=g\",\"caption\":\"Rob\"},\"description\":\"Dutchman who fell in love with Galicia. He studied at the University of Santiago de Compostela, lived with a Galician roommate in Barcelona, and has visited Galicia multiple times over the past 20+ years.\",\"url\":\"https:\/\/www.galiciatips.com\/en\/author\/admin\/\"}]}<\/script>\n<!-- \/ Yoast SEO plugin. -->","yoast_head_json":{"title":"La Gaita, bagpipe Galician style: Susana Seivane \u2013 dende o meu balc\u00f3n - Galicia Tips - All about Galicia","robots":{"index":"index","follow":"follow","max-snippet":"max-snippet:-1","max-image-preview":"max-image-preview:large","max-video-preview":"max-video-preview:-1"},"canonical":"https:\/\/www.galiciatips.com\/en\/2021\/01\/10\/la-gaita-bagpipe-galician-style-susana-seivane-dende-o-meu-balcon\/","og_locale":"en_US","og_type":"article","og_title":"La Gaita, bagpipe Galician style: Susana Seivane \u2013 dende o meu balc\u00f3n - Galicia Tips - All about Galicia","og_description":"At the end of 2020 the famous Galician bagpipe player Susane Seivane released a brand new album: Dende o meu balc\u00f3n. A marvellous album full of bagpipe songs. Feel like you&#8217;re in Galicia while listening the bagpipe, la gaita, in Galician style. How does Dende o meu balc\u00f3n sounds? Susane Seivane presents a modern performance [&hellip;]","og_url":"https:\/\/www.galiciatips.com\/en\/2021\/01\/10\/la-gaita-bagpipe-galician-style-susana-seivane-dende-o-meu-balcon\/","og_site_name":"Galicia Tips - All about Galicia","article_published_time":"2021-01-10T20:11:22+00:00","article_modified_time":"2021-01-10T20:11:24+00:00","og_image":[{"width":981,"height":981,"url":"https:\/\/i1.wp.com\/www.galiciatips.com\/en\/files\/2021\/01\/7-s-Portada-dende-o-meu-balcon.jpg?fit=981%2C981&ssl=1","type":"image\/jpeg"}],"author":"Rob","twitter_card":"summary_large_image","twitter_misc":{"Written by":"Rob","Est. reading time":"2 minutes"},"schema":{"@context":"https:\/\/schema.org","@graph":[{"@type":"Article","@id":"https:\/\/www.galiciatips.com\/en\/2021\/01\/10\/la-gaita-bagpipe-galician-style-susana-seivane-dende-o-meu-balcon\/#article","isPartOf":{"@id":"https:\/\/www.galiciatips.com\/en\/2021\/01\/10\/la-gaita-bagpipe-galician-style-susana-seivane-dende-o-meu-balcon\/"},"author":{"name":"Rob","@id":"https:\/\/www.galiciatips.com\/en\/#\/schema\/person\/4d098088ec5620d4b1ac492389bfab15"},"headline":"La Gaita, bagpipe Galician style: Susana Seivane \u2013 dende o meu balc\u00f3n","datePublished":"2021-01-10T20:11:22+00:00","dateModified":"2021-01-10T20:11:24+00:00","mainEntityOfPage":{"@id":"https:\/\/www.galiciatips.com\/en\/2021\/01\/10\/la-gaita-bagpipe-galician-style-susana-seivane-dende-o-meu-balcon\/"},"wordCount":338,"commentCount":0,"publisher":{"@id":"https:\/\/www.galiciatips.com\/en\/#organization"},"image":{"@id":"https:\/\/www.galiciatips.com\/en\/2021\/01\/10\/la-gaita-bagpipe-galician-style-susana-seivane-dende-o-meu-balcon\/#primaryimage"},"thumbnailUrl":"https:\/\/i0.wp.com\/www.galiciatips.com\/en\/files\/2021\/01\/7-s-Portada-dende-o-meu-balcon.jpg?fit=981%2C981&ssl=1","keywords":["culture"],"articleSection":["Blog"],"inLanguage":"en-US","potentialAction":[{"@type":"CommentAction","name":"Comment","target":["https:\/\/www.galiciatips.com\/en\/2021\/01\/10\/la-gaita-bagpipe-galician-style-susana-seivane-dende-o-meu-balcon\/#respond"]}]},{"@type":"WebPage","@id":"https:\/\/www.galiciatips.com\/en\/2021\/01\/10\/la-gaita-bagpipe-galician-style-susana-seivane-dende-o-meu-balcon\/","url":"https:\/\/www.galiciatips.com\/en\/2021\/01\/10\/la-gaita-bagpipe-galician-style-susana-seivane-dende-o-meu-balcon\/","name":"La Gaita, bagpipe Galician style: Susana Seivane \u2013 dende o meu balc\u00f3n - Galicia Tips - All about Galicia","isPartOf":{"@id":"https:\/\/www.galiciatips.com\/en\/#website"},"primaryImageOfPage":{"@id":"https:\/\/www.galiciatips.com\/en\/2021\/01\/10\/la-gaita-bagpipe-galician-style-susana-seivane-dende-o-meu-balcon\/#primaryimage"},"image":{"@id":"https:\/\/www.galiciatips.com\/en\/2021\/01\/10\/la-gaita-bagpipe-galician-style-susana-seivane-dende-o-meu-balcon\/#primaryimage"},"thumbnailUrl":"https:\/\/i0.wp.com\/www.galiciatips.com\/en\/files\/2021\/01\/7-s-Portada-dende-o-meu-balcon.jpg?fit=981%2C981&ssl=1","datePublished":"2021-01-10T20:11:22+00:00","dateModified":"2021-01-10T20:11:24+00:00","breadcrumb":{"@id":"https:\/\/www.galiciatips.com\/en\/2021\/01\/10\/la-gaita-bagpipe-galician-style-susana-seivane-dende-o-meu-balcon\/#breadcrumb"},"inLanguage":"en-US","potentialAction":[{"@type":"ReadAction","target":["https:\/\/www.galiciatips.com\/en\/2021\/01\/10\/la-gaita-bagpipe-galician-style-susana-seivane-dende-o-meu-balcon\/"]}]},{"@type":"ImageObject","inLanguage":"en-US","@id":"https:\/\/www.galiciatips.com\/en\/2021\/01\/10\/la-gaita-bagpipe-galician-style-susana-seivane-dende-o-meu-balcon\/#primaryimage","url":"https:\/\/i0.wp.com\/www.galiciatips.com\/en\/files\/2021\/01\/7-s-Portada-dende-o-meu-balcon.jpg?fit=981%2C981&ssl=1","contentUrl":"https:\/\/i0.wp.com\/www.galiciatips.com\/en\/files\/2021\/01\/7-s-Portada-dende-o-meu-balcon.jpg?fit=981%2C981&ssl=1","width":981,"height":981},{"@type":"BreadcrumbList","@id":"https:\/\/www.galiciatips.com\/en\/2021\/01\/10\/la-gaita-bagpipe-galician-style-susana-seivane-dende-o-meu-balcon\/#breadcrumb","itemListElement":[{"@type":"ListItem","position":1,"name":"Home","item":"https:\/\/www.galiciatips.com\/en\/"},{"@type":"ListItem","position":2,"name":"La Gaita, bagpipe Galician style: Susana Seivane \u2013 dende o meu balc\u00f3n"}]},{"@type":"WebSite","@id":"https:\/\/www.galiciatips.com\/en\/#website","url":"https:\/\/www.galiciatips.com\/en\/","name":"Galicia Tips - All about Galicia","description":"All about Galicia","publisher":{"@id":"https:\/\/www.galiciatips.com\/en\/#organization"},"potentialAction":[{"@type":"SearchAction","target":{"@type":"EntryPoint","urlTemplate":"https:\/\/www.galiciatips.com\/en\/?s={search_term_string}"},"query-input":{"@type":"PropertyValueSpecification","valueRequired":true,"valueName":"search_term_string"}}],"inLanguage":"en-US"},{"@type":"Organization","@id":"https:\/\/www.galiciatips.com\/en\/#organization","name":"Galicia Tips","url":"https:\/\/www.galiciatips.com\/en\/","logo":{"@type":"ImageObject","inLanguage":"en-US","@id":"https:\/\/www.galiciatips.com\/en\/#\/schema\/logo\/image\/","url":"https:\/\/www.galiciatips.com\/en\/files\/2018\/09\/GALICIA-TIPS-LOGO.png","contentUrl":"https:\/\/www.galiciatips.com\/en\/files\/2018\/09\/GALICIA-TIPS-LOGO.png","width":960,"height":720,"caption":"Galicia Tips"},"image":{"@id":"https:\/\/www.galiciatips.com\/en\/#\/schema\/logo\/image\/"}},{"@type":"Person","@id":"https:\/\/www.galiciatips.com\/en\/#\/schema\/person\/4d098088ec5620d4b1ac492389bfab15","name":"Rob","image":{"@type":"ImageObject","inLanguage":"en-US","@id":"https:\/\/www.galiciatips.com\/en\/#\/schema\/person\/image\/","url":"https:\/\/secure.gravatar.com\/avatar\/aeb4272367a5af276051d486efadd3252790eb1d571ad00ff1e1089b27703ad5?s=96&d=mm&r=g","contentUrl":"https:\/\/secure.gravatar.com\/avatar\/aeb4272367a5af276051d486efadd3252790eb1d571ad00ff1e1089b27703ad5?s=96&d=mm&r=g","caption":"Rob"},"description":"Dutchman who fell in love with Galicia. He studied at the University of Santiago de Compostela, lived with a Galician roommate in Barcelona, and has visited Galicia multiple times over the past 20+ years.","url":"https:\/\/www.galiciatips.com\/en\/author\/admin\/"}]}},"jetpack_featured_media_url":"https:\/\/i0.wp.com\/www.galiciatips.com\/en\/files\/2021\/01\/7-s-Portada-dende-o-meu-balcon.jpg?fit=981%2C981&ssl=1","jetpack_sharing_enabled":true,"jetpack_likes_enabled":true,"jetpack-related-posts":[{"id":672,"url":"https:\/\/www.galiciatips.com\/en\/2024\/04\/01\/galicia-and-the-celtic-league\/","url_meta":{"origin":303,"position":0},"title":"Galicia and the Celtic League","author":"Rob","date":"1 April 2024","format":false,"excerpt":"Galicia has Celtic roots. Many are probably familiar with 'la gaita', the bagpipe as a well-known expression of Celtic culture. The Celts have left their mark on Galician culture. In addition to the bagpipe, there are several hundred words in Gallego, the Galician language, with Celtic roots. The Galicians feel\u2026","rel":"","context":"In &quot;Blog&quot;","block_context":{"text":"Blog","link":"https:\/\/www.galiciatips.com\/en\/category\/blog\/"},"img":{"alt_text":"","src":"","width":0,"height":0},"classes":[]},{"id":646,"url":"https:\/\/www.galiciatips.com\/en\/2024\/03\/31\/feismo-the-galician-architecture-and-art-of-making-things-ugly\/","url_meta":{"origin":303,"position":1},"title":"Fe\u00edsmo, the Galician architecture and art of making things ugly","author":"Rob","date":"31 March 2024","format":false,"excerpt":"In a novel I came accross the term 'Fe\u00edsmo'. Fe\u00edsmo is the art of making things ugly, especially in Galicia. I had never heard of fe\u00edsmo before, but those who speak Spanish and understand it refers to rural construction can probably immediately grasp the idea. It's a concept that's typical\u2026","rel":"","context":"In &quot;Blog&quot;","block_context":{"text":"Blog","link":"https:\/\/www.galiciatips.com\/en\/category\/blog\/"},"img":{"alt_text":"feismo, the Galician architecture of making things ugly","src":"https:\/\/i0.wp.com\/www.galiciatips.com\/en\/files\/2024\/03\/Feismo.jpeg?fit=560%2C420&ssl=1&resize=350%2C200","width":350,"height":200,"srcset":"https:\/\/i0.wp.com\/www.galiciatips.com\/en\/files\/2024\/03\/Feismo.jpeg?fit=560%2C420&ssl=1&resize=350%2C200 1x, https:\/\/i0.wp.com\/www.galiciatips.com\/en\/files\/2024\/03\/Feismo.jpeg?fit=560%2C420&ssl=1&resize=525%2C300 1.5x"},"classes":[]},{"id":686,"url":"https:\/\/www.galiciatips.com\/en\/2024\/04\/04\/the-font-type-of-galicia\/","url_meta":{"origin":303,"position":2},"title":"The font type of Galicia","author":"Rob","date":"4 April 2024","format":false,"excerpt":"Guess what I discovered: Galicia has its own font! You might recognise the typeface. You see it often in Galicia. I immediately thought it was typical Galician when I saw the font. I stumbled upon the font by chance while researching for my article about the Galician language. And even\u2026","rel":"","context":"In &quot;Blog&quot;","block_context":{"text":"Blog","link":"https:\/\/www.galiciatips.com\/en\/category\/blog\/"},"img":{"alt_text":"","src":"https:\/\/i0.wp.com\/www.galiciatips.com\/en\/files\/2024\/04\/Galicisch-lettertype.png?fit=700%2C700&ssl=1&resize=350%2C200","width":350,"height":200,"srcset":"https:\/\/i0.wp.com\/www.galiciatips.com\/en\/files\/2024\/04\/Galicisch-lettertype.png?fit=700%2C700&ssl=1&resize=350%2C200 1x, https:\/\/i0.wp.com\/www.galiciatips.com\/en\/files\/2024\/04\/Galicisch-lettertype.png?fit=700%2C700&ssl=1&resize=525%2C300 1.5x, https:\/\/i0.wp.com\/www.galiciatips.com\/en\/files\/2024\/04\/Galicisch-lettertype.png?fit=700%2C700&ssl=1&resize=700%2C400 2x"},"classes":[]},{"id":31,"url":"https:\/\/www.galiciatips.com\/en\/2019\/02\/04\/video-galician-derby-deportivo-a-coruna-celta-de-vigo\/","url_meta":{"origin":303,"position":3},"title":"[video] Galician derby: Deportivo a Coruna &#8211; Celta de Vigo","author":"Rob","date":"4 February 2019","format":false,"excerpt":"To all the soccer fans, in the following video you will dive deep into 'O Derbi galego', the Galician derby between Deportivo a Coru\u00f1a and Celta de Vigo. Well, it's not only about soccer! The first 6 minutes are about Galicia. You'll see beautiful captures of the coast. And true\u2026","rel":"","context":"In &quot;Blog&quot;","block_context":{"text":"Blog","link":"https:\/\/www.galiciatips.com\/en\/category\/blog\/"},"img":{"alt_text":"Derby galicia depor vigo","src":"https:\/\/i0.wp.com\/www.galiciatips.com\/en\/files\/2019\/02\/Derby-galicia-depor-vigo.png?fit=1200%2C672&ssl=1&resize=350%2C200","width":350,"height":200,"srcset":"https:\/\/i0.wp.com\/www.galiciatips.com\/en\/files\/2019\/02\/Derby-galicia-depor-vigo.png?fit=1200%2C672&ssl=1&resize=350%2C200 1x, https:\/\/i0.wp.com\/www.galiciatips.com\/en\/files\/2019\/02\/Derby-galicia-depor-vigo.png?fit=1200%2C672&ssl=1&resize=525%2C300 1.5x, https:\/\/i0.wp.com\/www.galiciatips.com\/en\/files\/2019\/02\/Derby-galicia-depor-vigo.png?fit=1200%2C672&ssl=1&resize=700%2C400 2x, https:\/\/i0.wp.com\/www.galiciatips.com\/en\/files\/2019\/02\/Derby-galicia-depor-vigo.png?fit=1200%2C672&ssl=1&resize=1050%2C600 3x"},"classes":[]},{"id":460,"url":"https:\/\/www.galiciatips.com\/en\/2021\/11\/10\/fc-deportivo-galicia-bringing-tiki-taka-football-to-london\/","url_meta":{"origin":303,"position":4},"title":"FC Deportivo Galicia, bringing tiki taka football to London","author":"Rob","date":"10 November 2021","format":false,"excerpt":"Brilliant, just came across an article on the internet. About soccer, as I'm a soccer fan. And this article was really lyrical about the tiki taka soccer played by the club FC Deportivo Galicia! Ever heard of the football club FC Deportivo Galicia? It's not a professional soccer club, and\u2026","rel":"","context":"In &quot;Blog&quot;","block_context":{"text":"Blog","link":"https:\/\/www.galiciatips.com\/en\/category\/blog\/"},"img":{"alt_text":"","src":"https:\/\/i0.wp.com\/www.galiciatips.com\/en\/files\/2021\/11\/662x372a_02121337plantilla_09-10.jpeg?resize=350%2C200&ssl=1","width":350,"height":200,"srcset":"https:\/\/i0.wp.com\/www.galiciatips.com\/en\/files\/2021\/11\/662x372a_02121337plantilla_09-10.jpeg?resize=350%2C200&ssl=1 1x, https:\/\/i0.wp.com\/www.galiciatips.com\/en\/files\/2021\/11\/662x372a_02121337plantilla_09-10.jpeg?resize=525%2C300&ssl=1 1.5x"},"classes":[]},{"id":590,"url":"https:\/\/www.galiciatips.com\/en\/2024\/01\/01\/book-review-domingo-villar-death-on-a-galician-shore\/","url_meta":{"origin":303,"position":5},"title":"Book Review: Domingo Villar &#8211; Death On A Galician Shore","author":"Rob","date":"1 January 2024","format":false,"excerpt":"Does location matter in a thriller? The tension may not depend completely on it. While the setting, whether it's a forest, a cityscape, or anywhere else, can influence the narrative's suspense, the geographical location itself might not. An exciting story can take place anywhere. Does that mean the location matters\u2026","rel":"","context":"In &quot;Blog&quot;","block_context":{"text":"Blog","link":"https:\/\/www.galiciatips.com\/en\/category\/blog\/"},"img":{"alt_text":"","src":"https:\/\/i0.wp.com\/www.galiciatips.com\/en\/files\/2024\/01\/domingo-villar-death-on-a-galicia-shore.jpeg?resize=350%2C200&ssl=1","width":350,"height":200},"classes":[]}],"jetpack_shortlink":"https:\/\/wp.me\/pca4sj-4T","_links":{"self":[{"href":"https:\/\/www.galiciatips.com\/en\/wp-json\/wp\/v2\/posts\/303","targetHints":{"allow":["GET"]}}],"collection":[{"href":"https:\/\/www.galiciatips.com\/en\/wp-json\/wp\/v2\/posts"}],"about":[{"href":"https:\/\/www.galiciatips.com\/en\/wp-json\/wp\/v2\/types\/post"}],"author":[{"embeddable":true,"href":"https:\/\/www.galiciatips.com\/en\/wp-json\/wp\/v2\/users\/1"}],"replies":[{"embeddable":true,"href":"https:\/\/www.galiciatips.com\/en\/wp-json\/wp\/v2\/comments?post=303"}],"version-history":[{"count":1,"href":"https:\/\/www.galiciatips.com\/en\/wp-json\/wp\/v2\/posts\/303\/revisions"}],"predecessor-version":[{"id":306,"href":"https:\/\/www.galiciatips.com\/en\/wp-json\/wp\/v2\/posts\/303\/revisions\/306"}],"wp:featuredmedia":[{"embeddable":true,"href":"https:\/\/www.galiciatips.com\/en\/wp-json\/wp\/v2\/media\/305"}],"wp:attachment":[{"href":"https:\/\/www.galiciatips.com\/en\/wp-json\/wp\/v2\/media?parent=303"}],"wp:term":[{"taxonomy":"category","embeddable":true,"href":"https:\/\/www.galiciatips.com\/en\/wp-json\/wp\/v2\/categories?post=303"},{"taxonomy":"post_tag","embeddable":true,"href":"https:\/\/www.galiciatips.com\/en\/wp-json\/wp\/v2\/tags?post=303"}],"curies":[{"name":"wp","href":"https:\/\/api.w.org\/{rel}","templated":true}]}}