{"id":1146,"date":"2021-04-17T21:07:30","date_gmt":"2021-04-17T19:07:30","guid":{"rendered":"https:\/\/www.galiciatips.com\/nl\/?p=1146"},"modified":"2021-04-18T09:28:39","modified_gmt":"2021-04-18T07:28:39","slug":"meest-verlaten-plek-van-galicie","status":"publish","type":"post","link":"https:\/\/www.galiciatips.com\/nl\/2021\/04\/17\/meest-verlaten-plek-van-galicie\/","title":{"rendered":"Meest verlaten plek van Galici\u00eb"},"content":{"rendered":"\n<p>Galici\u00eb staat bekend als een krimpregio. Met name in het binnenland zijn meerdere spookdorpen te vinden waar vrijwel alle inwoners vertrokken zijn. Maar wat is de meest verlaten en onbewoonde plek van Galici\u00eb?<\/p>\n\n\n\n<h2 class=\"wp-block-heading\">Meest onbewoonde plek van Galici\u00eb<\/h2>\n\n\n\n<p>De meest onbewoonde plek van Galici\u00eb is <em>Comarca de Viana. <\/em>Deze streek kent slechts 7,9 inwoners per km2!<br>Ter vergelijking, geheel Galici\u00eb heeft gemiddeld 92,3 personen per km2. En Nederland zelfs 511,8, ruim 64x zoveel als in het verlaten Comarca de Viana in Galici\u00eb. <\/p>\n\n\n\n<figure class=\"wp-block-image size-large\"><img data-recalc-dims=\"1\" loading=\"lazy\" decoding=\"async\" width=\"800\" height=\"500\" data-attachment-id=\"1147\" data-permalink=\"https:\/\/www.galiciatips.com\/nl\/2021\/04\/17\/meest-verlaten-plek-van-galicie\/serra-seca-ourense\/\" data-orig-file=\"https:\/\/i0.wp.com\/www.galiciatips.com\/nl\/files\/2021\/04\/Serra-Seca-Ourense.jpeg?fit=800%2C500&amp;ssl=1\" data-orig-size=\"800,500\" data-comments-opened=\"1\" data-image-meta=\"{&quot;aperture&quot;:&quot;0&quot;,&quot;credit&quot;:&quot;&quot;,&quot;camera&quot;:&quot;&quot;,&quot;caption&quot;:&quot;&quot;,&quot;created_timestamp&quot;:&quot;0&quot;,&quot;copyright&quot;:&quot;&quot;,&quot;focal_length&quot;:&quot;0&quot;,&quot;iso&quot;:&quot;0&quot;,&quot;shutter_speed&quot;:&quot;0&quot;,&quot;title&quot;:&quot;&quot;,&quot;orientation&quot;:&quot;0&quot;}\" data-image-title=\"Serra-Seca-Ourense\" data-image-description=\"\" data-image-caption=\"\" data-medium-file=\"https:\/\/i0.wp.com\/www.galiciatips.com\/nl\/files\/2021\/04\/Serra-Seca-Ourense.jpeg?fit=300%2C188&amp;ssl=1\" data-large-file=\"https:\/\/i0.wp.com\/www.galiciatips.com\/nl\/files\/2021\/04\/Serra-Seca-Ourense.jpeg?fit=800%2C500&amp;ssl=1\" src=\"https:\/\/i0.wp.com\/www.galiciatips.com\/nl\/files\/2021\/04\/Serra-Seca-Ourense.jpeg?resize=800%2C500&#038;ssl=1\" alt=\"\" class=\"wp-image-1147\" srcset=\"https:\/\/i0.wp.com\/www.galiciatips.com\/nl\/files\/2021\/04\/Serra-Seca-Ourense.jpeg?w=800&amp;ssl=1 800w, https:\/\/i0.wp.com\/www.galiciatips.com\/nl\/files\/2021\/04\/Serra-Seca-Ourense.jpeg?resize=300%2C188&amp;ssl=1 300w, https:\/\/i0.wp.com\/www.galiciatips.com\/nl\/files\/2021\/04\/Serra-Seca-Ourense.jpeg?resize=768%2C480&amp;ssl=1 768w\" sizes=\"auto, (max-width: 800px) 100vw, 800px\" \/><\/figure>\n\n\n\n<p>Comarca de Viana bevindt zich in de provincie Ourense, aan de rand van Galici\u00eb. De regio grenst aan Portugal en buurdeelstaat Castillia y Leon.&nbsp;Het gebied wordt ook wel &#8216;Serra Seca&#8217;&nbsp; genoemd, oftewel &#8216;droog heuvelland&#8217;. Op de foto hierboven foto zie je goed hoe leeg het is. <\/p>\n\n\n\n<p>Deze uithoek van <a href=\"https:\/\/www.galiciatips.com\/nl\/bestemmingen\/ourense\/\">Ourense<\/a> kent een straf klimaat. Koud en droog in de winters. Heet en droog in de zomers. Wie er zich beter op zijn gemak voelt dan de mens is de wolf die er goed aanwezig is en aardig huis houdt.<\/p>\n\n\n\n<figure class=\"wp-block-image size-large\"><img data-recalc-dims=\"1\" loading=\"lazy\" decoding=\"async\" width=\"908\" height=\"792\" data-attachment-id=\"1148\" data-permalink=\"https:\/\/www.galiciatips.com\/nl\/2021\/04\/17\/meest-verlaten-plek-van-galicie\/comarca-de-viana-galicie\/\" data-orig-file=\"https:\/\/i0.wp.com\/www.galiciatips.com\/nl\/files\/2021\/04\/Comarca-de-Viana-Galicie.png?fit=908%2C792&amp;ssl=1\" data-orig-size=\"908,792\" data-comments-opened=\"1\" data-image-meta=\"{&quot;aperture&quot;:&quot;0&quot;,&quot;credit&quot;:&quot;&quot;,&quot;camera&quot;:&quot;&quot;,&quot;caption&quot;:&quot;&quot;,&quot;created_timestamp&quot;:&quot;0&quot;,&quot;copyright&quot;:&quot;&quot;,&quot;focal_length&quot;:&quot;0&quot;,&quot;iso&quot;:&quot;0&quot;,&quot;shutter_speed&quot;:&quot;0&quot;,&quot;title&quot;:&quot;&quot;,&quot;orientation&quot;:&quot;0&quot;}\" data-image-title=\"Comarca-de-Viana-Galicie\" data-image-description=\"\" data-image-caption=\"\" data-medium-file=\"https:\/\/i0.wp.com\/www.galiciatips.com\/nl\/files\/2021\/04\/Comarca-de-Viana-Galicie.png?fit=300%2C262&amp;ssl=1\" data-large-file=\"https:\/\/i0.wp.com\/www.galiciatips.com\/nl\/files\/2021\/04\/Comarca-de-Viana-Galicie.png?fit=908%2C792&amp;ssl=1\" src=\"https:\/\/i0.wp.com\/www.galiciatips.com\/nl\/files\/2021\/04\/Comarca-de-Viana-Galicie.png?resize=908%2C792&#038;ssl=1\" alt=\"\" class=\"wp-image-1148\" srcset=\"https:\/\/i0.wp.com\/www.galiciatips.com\/nl\/files\/2021\/04\/Comarca-de-Viana-Galicie.png?w=908&amp;ssl=1 908w, https:\/\/i0.wp.com\/www.galiciatips.com\/nl\/files\/2021\/04\/Comarca-de-Viana-Galicie.png?resize=300%2C262&amp;ssl=1 300w, https:\/\/i0.wp.com\/www.galiciatips.com\/nl\/files\/2021\/04\/Comarca-de-Viana-Galicie.png?resize=768%2C670&amp;ssl=1 768w\" sizes=\"auto, (max-width: 908px) 100vw, 908px\" \/><figcaption>Ligging Comarca de Viana. In een uithoek van Galicie, grenzend aan Portugal en Zamora<\/figcaption><\/figure>\n\n\n\n<p>Het is overigens niet alleen Comarca de Viana dat tamelijk onbewoond is. Trek je verder landinwaarts dan blijft het rustig. De grens van Galici\u00eb voorbij kom je in de provincie Zamora in buurdeelstaat Castillia y Leon. Daar is het ook erg leeg. In Zamora zijn 248 gemeentes, waarvan 226 met minder dan 1000 inwoners!<\/p>\n\n\n\n<p>Meer onbewoonde plekken in Spanje zien? <a href=\"https:\/\/kijkopspanje.nl\/de-meest-onbewoonde-plekken-van-spanje\/\" target=\"_blank\" rel=\"noreferrer noopener\">Kijk hier<\/a>. Dat artikel vormde ook de bron voor deze post.<\/p>\n","protected":false},"excerpt":{"rendered":"<p>Galici\u00eb staat bekend als een krimpregio. Met name in het binnenland zijn meerdere spookdorpen te vinden waar vrijwel alle inwoners vertrokken zijn. Maar wat is de meest verlaten en onbewoonde plek van Galici\u00eb? Meest onbewoonde plek van Galici\u00eb De meest onbewoonde plek van Galici\u00eb is Comarca de Viana. Deze streek kent slechts 7,9 inwoners per [&hellip;]<\/p>\n","protected":false},"author":1,"featured_media":1147,"comment_status":"open","ping_status":"closed","sticky":false,"template":"","format":"standard","meta":{"_monsterinsights_skip_tracking":false,"_monsterinsights_sitenote_active":false,"_monsterinsights_sitenote_note":"","_monsterinsights_sitenote_category":0,"_uf_show_specific_survey":0,"_uf_disable_surveys":false,"jetpack_post_was_ever_published":false,"_jetpack_newsletter_access":"","_jetpack_dont_email_post_to_subs":false,"_jetpack_newsletter_tier_id":0,"_jetpack_memberships_contains_paywalled_content":false,"_jetpack_memberships_contains_paid_content":false,"footnotes":""},"categories":[3],"tags":[],"class_list":{"0":"post-1146","1":"post","2":"type-post","3":"status-publish","4":"format-standard","5":"has-post-thumbnail","7":"category-blog","8":"czr-hentry"},"yoast_head":"<!-- This site is optimized with the Yoast SEO plugin v26.7 - https:\/\/yoast.com\/wordpress\/plugins\/seo\/ -->\n<title>Meest verlaten plek van Galici\u00eb - Galicia Tips<\/title>\n<meta name=\"robots\" content=\"index, follow, max-snippet:-1, max-image-preview:large, max-video-preview:-1\" \/>\n<link rel=\"canonical\" href=\"https:\/\/www.galiciatips.com\/nl\/2021\/04\/17\/meest-verlaten-plek-van-galicie\/\" \/>\n<meta property=\"og:locale\" content=\"nl_NL\" \/>\n<meta property=\"og:type\" content=\"article\" \/>\n<meta property=\"og:title\" content=\"Meest verlaten plek van Galici\u00eb - Galicia Tips\" \/>\n<meta property=\"og:description\" content=\"Galici\u00eb staat bekend als een krimpregio. Met name in het binnenland zijn meerdere spookdorpen te vinden waar vrijwel alle inwoners vertrokken zijn. Maar wat is de meest verlaten en onbewoonde plek van Galici\u00eb? Meest onbewoonde plek van Galici\u00eb De meest onbewoonde plek van Galici\u00eb is Comarca de Viana. Deze streek kent slechts 7,9 inwoners per [&hellip;]\" \/>\n<meta property=\"og:url\" content=\"https:\/\/www.galiciatips.com\/nl\/2021\/04\/17\/meest-verlaten-plek-van-galicie\/\" \/>\n<meta property=\"og:site_name\" content=\"Galicia Tips\" \/>\n<meta property=\"article:publisher\" content=\"http:\/\/facebook.com\/galiciatips\" \/>\n<meta property=\"article:published_time\" content=\"2021-04-17T19:07:30+00:00\" \/>\n<meta property=\"article:modified_time\" content=\"2021-04-18T07:28:39+00:00\" \/>\n<meta property=\"og:image\" content=\"https:\/\/i2.wp.com\/www.galiciatips.com\/nl\/files\/2021\/04\/Serra-Seca-Ourense.jpeg?fit=800%2C500&ssl=1\" \/>\n\t<meta property=\"og:image:width\" content=\"800\" \/>\n\t<meta property=\"og:image:height\" content=\"500\" \/>\n\t<meta property=\"og:image:type\" content=\"image\/jpeg\" \/>\n<meta name=\"author\" content=\"Rob\" \/>\n<meta name=\"twitter:card\" content=\"summary_large_image\" \/>\n<meta name=\"twitter:label1\" content=\"Geschreven door\" \/>\n\t<meta name=\"twitter:data1\" content=\"Rob\" \/>\n\t<meta name=\"twitter:label2\" content=\"Geschatte leestijd\" \/>\n\t<meta name=\"twitter:data2\" content=\"2 minuten\" \/>\n<script type=\"application\/ld+json\" class=\"yoast-schema-graph\">{\"@context\":\"https:\/\/schema.org\",\"@graph\":[{\"@type\":\"Article\",\"@id\":\"https:\/\/www.galiciatips.com\/nl\/2021\/04\/17\/meest-verlaten-plek-van-galicie\/#article\",\"isPartOf\":{\"@id\":\"https:\/\/www.galiciatips.com\/nl\/2021\/04\/17\/meest-verlaten-plek-van-galicie\/\"},\"author\":{\"name\":\"Rob\",\"@id\":\"https:\/\/www.galiciatips.com\/nl\/#\/schema\/person\/4d098088ec5620d4b1ac492389bfab15\"},\"headline\":\"Meest verlaten plek van Galici\u00eb\",\"datePublished\":\"2021-04-17T19:07:30+00:00\",\"dateModified\":\"2021-04-18T07:28:39+00:00\",\"mainEntityOfPage\":{\"@id\":\"https:\/\/www.galiciatips.com\/nl\/2021\/04\/17\/meest-verlaten-plek-van-galicie\/\"},\"wordCount\":258,\"commentCount\":0,\"publisher\":{\"@id\":\"https:\/\/www.galiciatips.com\/nl\/#organization\"},\"image\":{\"@id\":\"https:\/\/www.galiciatips.com\/nl\/2021\/04\/17\/meest-verlaten-plek-van-galicie\/#primaryimage\"},\"thumbnailUrl\":\"https:\/\/i0.wp.com\/www.galiciatips.com\/nl\/files\/2021\/04\/Serra-Seca-Ourense.jpeg?fit=800%2C500&ssl=1\",\"articleSection\":[\"Blog\"],\"inLanguage\":\"nl-NL\",\"potentialAction\":[{\"@type\":\"CommentAction\",\"name\":\"Comment\",\"target\":[\"https:\/\/www.galiciatips.com\/nl\/2021\/04\/17\/meest-verlaten-plek-van-galicie\/#respond\"]}]},{\"@type\":\"WebPage\",\"@id\":\"https:\/\/www.galiciatips.com\/nl\/2021\/04\/17\/meest-verlaten-plek-van-galicie\/\",\"url\":\"https:\/\/www.galiciatips.com\/nl\/2021\/04\/17\/meest-verlaten-plek-van-galicie\/\",\"name\":\"Meest verlaten plek van Galici\u00eb - Galicia Tips\",\"isPartOf\":{\"@id\":\"https:\/\/www.galiciatips.com\/nl\/#website\"},\"primaryImageOfPage\":{\"@id\":\"https:\/\/www.galiciatips.com\/nl\/2021\/04\/17\/meest-verlaten-plek-van-galicie\/#primaryimage\"},\"image\":{\"@id\":\"https:\/\/www.galiciatips.com\/nl\/2021\/04\/17\/meest-verlaten-plek-van-galicie\/#primaryimage\"},\"thumbnailUrl\":\"https:\/\/i0.wp.com\/www.galiciatips.com\/nl\/files\/2021\/04\/Serra-Seca-Ourense.jpeg?fit=800%2C500&ssl=1\",\"datePublished\":\"2021-04-17T19:07:30+00:00\",\"dateModified\":\"2021-04-18T07:28:39+00:00\",\"breadcrumb\":{\"@id\":\"https:\/\/www.galiciatips.com\/nl\/2021\/04\/17\/meest-verlaten-plek-van-galicie\/#breadcrumb\"},\"inLanguage\":\"nl-NL\",\"potentialAction\":[{\"@type\":\"ReadAction\",\"target\":[\"https:\/\/www.galiciatips.com\/nl\/2021\/04\/17\/meest-verlaten-plek-van-galicie\/\"]}]},{\"@type\":\"ImageObject\",\"inLanguage\":\"nl-NL\",\"@id\":\"https:\/\/www.galiciatips.com\/nl\/2021\/04\/17\/meest-verlaten-plek-van-galicie\/#primaryimage\",\"url\":\"https:\/\/i0.wp.com\/www.galiciatips.com\/nl\/files\/2021\/04\/Serra-Seca-Ourense.jpeg?fit=800%2C500&ssl=1\",\"contentUrl\":\"https:\/\/i0.wp.com\/www.galiciatips.com\/nl\/files\/2021\/04\/Serra-Seca-Ourense.jpeg?fit=800%2C500&ssl=1\",\"width\":800,\"height\":500},{\"@type\":\"BreadcrumbList\",\"@id\":\"https:\/\/www.galiciatips.com\/nl\/2021\/04\/17\/meest-verlaten-plek-van-galicie\/#breadcrumb\",\"itemListElement\":[{\"@type\":\"ListItem\",\"position\":1,\"name\":\"Home\",\"item\":\"https:\/\/www.galiciatips.com\/nl\/\"},{\"@type\":\"ListItem\",\"position\":2,\"name\":\"Meest verlaten plek van Galici\u00eb\"}]},{\"@type\":\"WebSite\",\"@id\":\"https:\/\/www.galiciatips.com\/nl\/#website\",\"url\":\"https:\/\/www.galiciatips.com\/nl\/\",\"name\":\"Galicia Tips\",\"description\":\"Galicia Tips - Alles over Galicia\",\"publisher\":{\"@id\":\"https:\/\/www.galiciatips.com\/nl\/#organization\"},\"potentialAction\":[{\"@type\":\"SearchAction\",\"target\":{\"@type\":\"EntryPoint\",\"urlTemplate\":\"https:\/\/www.galiciatips.com\/nl\/?s={search_term_string}\"},\"query-input\":{\"@type\":\"PropertyValueSpecification\",\"valueRequired\":true,\"valueName\":\"search_term_string\"}}],\"inLanguage\":\"nl-NL\"},{\"@type\":\"Organization\",\"@id\":\"https:\/\/www.galiciatips.com\/nl\/#organization\",\"name\":\"Galicia Tips\",\"url\":\"https:\/\/www.galiciatips.com\/nl\/\",\"logo\":{\"@type\":\"ImageObject\",\"inLanguage\":\"nl-NL\",\"@id\":\"https:\/\/www.galiciatips.com\/nl\/#\/schema\/logo\/image\/\",\"url\":\"https:\/\/i1.wp.com\/www.galiciatips.com\/nl\/files\/2017\/04\/cropped-GALICIA-TIPS-LOGO.png?fit=512%2C512&ssl=1\",\"contentUrl\":\"https:\/\/i1.wp.com\/www.galiciatips.com\/nl\/files\/2017\/04\/cropped-GALICIA-TIPS-LOGO.png?fit=512%2C512&ssl=1\",\"width\":512,\"height\":512,\"caption\":\"Galicia Tips\"},\"image\":{\"@id\":\"https:\/\/www.galiciatips.com\/nl\/#\/schema\/logo\/image\/\"},\"sameAs\":[\"http:\/\/facebook.com\/galiciatips\"]},{\"@type\":\"Person\",\"@id\":\"https:\/\/www.galiciatips.com\/nl\/#\/schema\/person\/4d098088ec5620d4b1ac492389bfab15\",\"name\":\"Rob\",\"description\":\"Dutchman who fell in love with Galicia. He studied at the University of Santiago de Compostela, lived with a Galician roommate in Barcelona, and has visited Galicia multiple times over the past 20+ years.\"}]}<\/script>\n<!-- \/ Yoast SEO plugin. -->","yoast_head_json":{"title":"Meest verlaten plek van Galici\u00eb - Galicia Tips","robots":{"index":"index","follow":"follow","max-snippet":"max-snippet:-1","max-image-preview":"max-image-preview:large","max-video-preview":"max-video-preview:-1"},"canonical":"https:\/\/www.galiciatips.com\/nl\/2021\/04\/17\/meest-verlaten-plek-van-galicie\/","og_locale":"nl_NL","og_type":"article","og_title":"Meest verlaten plek van Galici\u00eb - Galicia Tips","og_description":"Galici\u00eb staat bekend als een krimpregio. Met name in het binnenland zijn meerdere spookdorpen te vinden waar vrijwel alle inwoners vertrokken zijn. Maar wat is de meest verlaten en onbewoonde plek van Galici\u00eb? Meest onbewoonde plek van Galici\u00eb De meest onbewoonde plek van Galici\u00eb is Comarca de Viana. Deze streek kent slechts 7,9 inwoners per [&hellip;]","og_url":"https:\/\/www.galiciatips.com\/nl\/2021\/04\/17\/meest-verlaten-plek-van-galicie\/","og_site_name":"Galicia Tips","article_publisher":"http:\/\/facebook.com\/galiciatips","article_published_time":"2021-04-17T19:07:30+00:00","article_modified_time":"2021-04-18T07:28:39+00:00","og_image":[{"width":800,"height":500,"url":"https:\/\/i2.wp.com\/www.galiciatips.com\/nl\/files\/2021\/04\/Serra-Seca-Ourense.jpeg?fit=800%2C500&ssl=1","type":"image\/jpeg"}],"author":"Rob","twitter_card":"summary_large_image","twitter_misc":{"Geschreven door":"Rob","Geschatte leestijd":"2 minuten"},"schema":{"@context":"https:\/\/schema.org","@graph":[{"@type":"Article","@id":"https:\/\/www.galiciatips.com\/nl\/2021\/04\/17\/meest-verlaten-plek-van-galicie\/#article","isPartOf":{"@id":"https:\/\/www.galiciatips.com\/nl\/2021\/04\/17\/meest-verlaten-plek-van-galicie\/"},"author":{"name":"Rob","@id":"https:\/\/www.galiciatips.com\/nl\/#\/schema\/person\/4d098088ec5620d4b1ac492389bfab15"},"headline":"Meest verlaten plek van Galici\u00eb","datePublished":"2021-04-17T19:07:30+00:00","dateModified":"2021-04-18T07:28:39+00:00","mainEntityOfPage":{"@id":"https:\/\/www.galiciatips.com\/nl\/2021\/04\/17\/meest-verlaten-plek-van-galicie\/"},"wordCount":258,"commentCount":0,"publisher":{"@id":"https:\/\/www.galiciatips.com\/nl\/#organization"},"image":{"@id":"https:\/\/www.galiciatips.com\/nl\/2021\/04\/17\/meest-verlaten-plek-van-galicie\/#primaryimage"},"thumbnailUrl":"https:\/\/i0.wp.com\/www.galiciatips.com\/nl\/files\/2021\/04\/Serra-Seca-Ourense.jpeg?fit=800%2C500&ssl=1","articleSection":["Blog"],"inLanguage":"nl-NL","potentialAction":[{"@type":"CommentAction","name":"Comment","target":["https:\/\/www.galiciatips.com\/nl\/2021\/04\/17\/meest-verlaten-plek-van-galicie\/#respond"]}]},{"@type":"WebPage","@id":"https:\/\/www.galiciatips.com\/nl\/2021\/04\/17\/meest-verlaten-plek-van-galicie\/","url":"https:\/\/www.galiciatips.com\/nl\/2021\/04\/17\/meest-verlaten-plek-van-galicie\/","name":"Meest verlaten plek van Galici\u00eb - Galicia Tips","isPartOf":{"@id":"https:\/\/www.galiciatips.com\/nl\/#website"},"primaryImageOfPage":{"@id":"https:\/\/www.galiciatips.com\/nl\/2021\/04\/17\/meest-verlaten-plek-van-galicie\/#primaryimage"},"image":{"@id":"https:\/\/www.galiciatips.com\/nl\/2021\/04\/17\/meest-verlaten-plek-van-galicie\/#primaryimage"},"thumbnailUrl":"https:\/\/i0.wp.com\/www.galiciatips.com\/nl\/files\/2021\/04\/Serra-Seca-Ourense.jpeg?fit=800%2C500&ssl=1","datePublished":"2021-04-17T19:07:30+00:00","dateModified":"2021-04-18T07:28:39+00:00","breadcrumb":{"@id":"https:\/\/www.galiciatips.com\/nl\/2021\/04\/17\/meest-verlaten-plek-van-galicie\/#breadcrumb"},"inLanguage":"nl-NL","potentialAction":[{"@type":"ReadAction","target":["https:\/\/www.galiciatips.com\/nl\/2021\/04\/17\/meest-verlaten-plek-van-galicie\/"]}]},{"@type":"ImageObject","inLanguage":"nl-NL","@id":"https:\/\/www.galiciatips.com\/nl\/2021\/04\/17\/meest-verlaten-plek-van-galicie\/#primaryimage","url":"https:\/\/i0.wp.com\/www.galiciatips.com\/nl\/files\/2021\/04\/Serra-Seca-Ourense.jpeg?fit=800%2C500&ssl=1","contentUrl":"https:\/\/i0.wp.com\/www.galiciatips.com\/nl\/files\/2021\/04\/Serra-Seca-Ourense.jpeg?fit=800%2C500&ssl=1","width":800,"height":500},{"@type":"BreadcrumbList","@id":"https:\/\/www.galiciatips.com\/nl\/2021\/04\/17\/meest-verlaten-plek-van-galicie\/#breadcrumb","itemListElement":[{"@type":"ListItem","position":1,"name":"Home","item":"https:\/\/www.galiciatips.com\/nl\/"},{"@type":"ListItem","position":2,"name":"Meest verlaten plek van Galici\u00eb"}]},{"@type":"WebSite","@id":"https:\/\/www.galiciatips.com\/nl\/#website","url":"https:\/\/www.galiciatips.com\/nl\/","name":"Galicia Tips","description":"Galicia Tips - Alles over Galicia","publisher":{"@id":"https:\/\/www.galiciatips.com\/nl\/#organization"},"potentialAction":[{"@type":"SearchAction","target":{"@type":"EntryPoint","urlTemplate":"https:\/\/www.galiciatips.com\/nl\/?s={search_term_string}"},"query-input":{"@type":"PropertyValueSpecification","valueRequired":true,"valueName":"search_term_string"}}],"inLanguage":"nl-NL"},{"@type":"Organization","@id":"https:\/\/www.galiciatips.com\/nl\/#organization","name":"Galicia Tips","url":"https:\/\/www.galiciatips.com\/nl\/","logo":{"@type":"ImageObject","inLanguage":"nl-NL","@id":"https:\/\/www.galiciatips.com\/nl\/#\/schema\/logo\/image\/","url":"https:\/\/i1.wp.com\/www.galiciatips.com\/nl\/files\/2017\/04\/cropped-GALICIA-TIPS-LOGO.png?fit=512%2C512&ssl=1","contentUrl":"https:\/\/i1.wp.com\/www.galiciatips.com\/nl\/files\/2017\/04\/cropped-GALICIA-TIPS-LOGO.png?fit=512%2C512&ssl=1","width":512,"height":512,"caption":"Galicia Tips"},"image":{"@id":"https:\/\/www.galiciatips.com\/nl\/#\/schema\/logo\/image\/"},"sameAs":["http:\/\/facebook.com\/galiciatips"]},{"@type":"Person","@id":"https:\/\/www.galiciatips.com\/nl\/#\/schema\/person\/4d098088ec5620d4b1ac492389bfab15","name":"Rob","description":"Dutchman who fell in love with Galicia. He studied at the University of Santiago de Compostela, lived with a Galician roommate in Barcelona, and has visited Galicia multiple times over the past 20+ years."}]}},"jetpack_featured_media_url":"https:\/\/i0.wp.com\/www.galiciatips.com\/nl\/files\/2021\/04\/Serra-Seca-Ourense.jpeg?fit=800%2C500&ssl=1","jetpack_sharing_enabled":true,"jetpack_shortlink":"https:\/\/wp.me\/paGNM0-iu","jetpack-related-posts":[{"id":861,"url":"https:\/\/www.galiciatips.com\/nl\/2020\/04\/10\/meest-westelijke-en-meest-noordelijke-punt-van-spanje\/","url_meta":{"origin":1146,"position":0},"title":"Meest westelijke en meest noordelijke punt van Spanje","author":"Rob","date":"10 april 2020","format":false,"excerpt":"Galici\u00eb wordt in Spanje vaak gezien als een uithoek. In sommige opzichten heeft men daar nog gelijk in ook. Galici\u00eb kent zowel de meest westelijke als meest noordelijke plek van het Spaanse vaste land. Meest westelijke plaats: Cabo\u00a0Touri\u00f1\u00e1n Velen denken dat Kaap Finisterre de meest westelijke plek van Galici\u00eb is.\u2026","rel":"","context":"In &quot;Blog&quot;","block_context":{"text":"Blog","link":"https:\/\/www.galiciatips.com\/nl\/category\/blog\/"},"img":{"alt_text":"","src":"https:\/\/i0.wp.com\/www.galiciatips.com\/nl\/files\/2020\/04\/Spain_extreme_points.png?fit=805%2C463&ssl=1&resize=350%2C200","width":350,"height":200,"srcset":"https:\/\/i0.wp.com\/www.galiciatips.com\/nl\/files\/2020\/04\/Spain_extreme_points.png?fit=805%2C463&ssl=1&resize=350%2C200 1x, https:\/\/i0.wp.com\/www.galiciatips.com\/nl\/files\/2020\/04\/Spain_extreme_points.png?fit=805%2C463&ssl=1&resize=525%2C300 1.5x, https:\/\/i0.wp.com\/www.galiciatips.com\/nl\/files\/2020\/04\/Spain_extreme_points.png?fit=805%2C463&ssl=1&resize=700%2C400 2x"},"classes":[]},{"id":1277,"url":"https:\/\/www.galiciatips.com\/nl\/2021\/12\/30\/verboden-te-roken-op-alle-galicische-en-spaanse-stranden\/","url_meta":{"origin":1146,"position":1},"title":"Verboden te roken op alle Galicische (en Spaanse) stranden","author":"Rob","date":"30 december 2021","format":false,"excerpt":"Roken is vanaf nu verboden op alle stranden in Spanje. Het zou een reclameslogan kunnen zijn: nu nog meer zeelucht op het strand. Op veel Galicische stranden gold al een rookverbod. Vanaf nu is het op alle stranden in Galici\u00eb (en zelfs geheel Spanje) verboden een sigaret of iets anders\u2026","rel":"","context":"In &quot;Blog&quot;","block_context":{"text":"Blog","link":"https:\/\/www.galiciatips.com\/nl\/category\/blog\/"},"img":{"alt_text":"","src":"https:\/\/i0.wp.com\/www.galiciatips.com\/nl\/files\/2021\/12\/praia-sen-fume-sanxenxo.jpeg?fit=1200%2C800&ssl=1&resize=350%2C200","width":350,"height":200,"srcset":"https:\/\/i0.wp.com\/www.galiciatips.com\/nl\/files\/2021\/12\/praia-sen-fume-sanxenxo.jpeg?fit=1200%2C800&ssl=1&resize=350%2C200 1x, https:\/\/i0.wp.com\/www.galiciatips.com\/nl\/files\/2021\/12\/praia-sen-fume-sanxenxo.jpeg?fit=1200%2C800&ssl=1&resize=525%2C300 1.5x, https:\/\/i0.wp.com\/www.galiciatips.com\/nl\/files\/2021\/12\/praia-sen-fume-sanxenxo.jpeg?fit=1200%2C800&ssl=1&resize=700%2C400 2x, https:\/\/i0.wp.com\/www.galiciatips.com\/nl\/files\/2021\/12\/praia-sen-fume-sanxenxo.jpeg?fit=1200%2C800&ssl=1&resize=1050%2C600 3x"},"classes":[]},{"id":109,"url":"https:\/\/www.galiciatips.com\/nl\/2017\/05\/17\/windmolens-maken-muras-weer-groen\/","url_meta":{"origin":1146,"position":2},"title":"Windmolens maken Muras weer groen","author":"Rob","date":"17 mei 2017","format":false,"excerpt":"Galici\u00eb, misschien wel de groenste provincie van Spanje. Groen van de natuur, de vele beplanting die stevig groeit bij de fijne temperatuur en vele regens. Groen in stroom, door de vele windmolens die het landschap domineren. Plaatsing windmolens in Galici\u00eb Sinds de jaren negentig zijn er vele windmolens geplaatst in\u2026","rel":"","context":"In &quot;Blog&quot;","block_context":{"text":"Blog","link":"https:\/\/www.galiciatips.com\/nl\/category\/blog\/"},"img":{"alt_text":"muras-windmolen","src":"https:\/\/i0.wp.com\/www.galiciatips.com\/nl\/files\/2017\/05\/muras-windmolen.jpg?fit=653%2C358&ssl=1&resize=350%2C200","width":350,"height":200,"srcset":"https:\/\/i0.wp.com\/www.galiciatips.com\/nl\/files\/2017\/05\/muras-windmolen.jpg?fit=653%2C358&ssl=1&resize=350%2C200 1x, https:\/\/i0.wp.com\/www.galiciatips.com\/nl\/files\/2017\/05\/muras-windmolen.jpg?fit=653%2C358&ssl=1&resize=525%2C300 1.5x"},"classes":[]},{"id":940,"url":"https:\/\/www.galiciatips.com\/nl\/2020\/07\/18\/herman-vuijsje-pelgrim-zonder-god\/","url_meta":{"origin":1146,"position":3},"title":"Herman Vuijsje &#8211; Pelgrim zonder God","author":"Rob","date":"18 juli 2020","format":false,"excerpt":"Misschien wel Nederlands meest klassieke boek over de Camino de Santiago. En dat terwijl de auteur Herman Vuijsje hiervoor juist niet de camino liep, maar deze eigenwijs in omgekeerde volgorde volbracht. Desalniettemin een lezenswaardig verhaal over het leven als pelgrim, de camino de Santiago en ook Galici\u00eb.\u00a0 Voor liefhebbers van\u2026","rel":"","context":"In &quot;Blog&quot;","block_context":{"text":"Blog","link":"https:\/\/www.galiciatips.com\/nl\/category\/blog\/"},"img":{"alt_text":"","src":"https:\/\/i0.wp.com\/www.galiciatips.com\/nl\/files\/2020\/07\/vuijsje-pelgrimzondergod.jpg?fit=544%2C840&ssl=1&resize=350%2C200","width":350,"height":200,"srcset":"https:\/\/i0.wp.com\/www.galiciatips.com\/nl\/files\/2020\/07\/vuijsje-pelgrimzondergod.jpg?fit=544%2C840&ssl=1&resize=350%2C200 1x, https:\/\/i0.wp.com\/www.galiciatips.com\/nl\/files\/2020\/07\/vuijsje-pelgrimzondergod.jpg?fit=544%2C840&ssl=1&resize=525%2C300 1.5x"},"classes":[]},{"id":1503,"url":"https:\/\/www.galiciatips.com\/nl\/2025\/02\/28\/o-entroido-carnaval-galicie\/","url_meta":{"origin":1146,"position":4},"title":"O Entroido: het magische carnaval van Galici\u00eb","author":"Rob","date":"28 februari 2025","format":false,"excerpt":"Ook in Galici\u00eb vieren ze carnaval. Carnaval wordt hier O Entroido genoemd. En dat is niet zomaar een carnaval; het is een explosie van traditie, satire en feestvreugde die Galici\u00eb in zijn greep houdt. Van oude maskers tot unieke rituelen, dit feest biedt een onvergetelijke ervaring voor bezoekers. Maar wat\u2026","rel":"","context":"In &quot;Blog&quot;","block_context":{"text":"Blog","link":"https:\/\/www.galiciatips.com\/nl\/category\/blog\/"},"img":{"alt_text":"","src":"https:\/\/i0.wp.com\/www.galiciatips.com\/nl\/files\/2025\/02\/o-entroido.png?fit=735%2C400&ssl=1&resize=350%2C200","width":350,"height":200,"srcset":"https:\/\/i0.wp.com\/www.galiciatips.com\/nl\/files\/2025\/02\/o-entroido.png?fit=735%2C400&ssl=1&resize=350%2C200 1x, https:\/\/i0.wp.com\/www.galiciatips.com\/nl\/files\/2025\/02\/o-entroido.png?fit=735%2C400&ssl=1&resize=525%2C300 1.5x, https:\/\/i0.wp.com\/www.galiciatips.com\/nl\/files\/2025\/02\/o-entroido.png?fit=735%2C400&ssl=1&resize=700%2C400 2x"},"classes":[]},{"id":1482,"url":"https:\/\/www.galiciatips.com\/nl\/2024\/12\/15\/natuurgebieden-in-galicia\/","url_meta":{"origin":1146,"position":5},"title":"Natuurgebieden in Galicia","author":"Rob","date":"15 december 2024","format":false,"excerpt":"Galici\u00eb heeft \u00e9\u00e9n nationaal park en zes natuurparken. Al deze parken bieden de mooiste natuur. Van de prachtige kustlijn tot het bosrijke binnenland, in Galici\u00eb ben je nooit ver verwijderd van de natuur. In Galici\u00eb kun je de natuurparken bezoeken om te genieten van de schoonheid van de natuur. Galici\u00eb\u2026","rel":"","context":"In &quot;Blog&quot;","block_context":{"text":"Blog","link":"https:\/\/www.galiciatips.com\/nl\/category\/blog\/"},"img":{"alt_text":"","src":"https:\/\/i0.wp.com\/www.galiciatips.com\/nl\/files\/2024\/12\/O-Invernadeiro-Natural-Park.jpg?fit=1200%2C803&ssl=1&resize=350%2C200","width":350,"height":200,"srcset":"https:\/\/i0.wp.com\/www.galiciatips.com\/nl\/files\/2024\/12\/O-Invernadeiro-Natural-Park.jpg?fit=1200%2C803&ssl=1&resize=350%2C200 1x, https:\/\/i0.wp.com\/www.galiciatips.com\/nl\/files\/2024\/12\/O-Invernadeiro-Natural-Park.jpg?fit=1200%2C803&ssl=1&resize=525%2C300 1.5x, https:\/\/i0.wp.com\/www.galiciatips.com\/nl\/files\/2024\/12\/O-Invernadeiro-Natural-Park.jpg?fit=1200%2C803&ssl=1&resize=700%2C400 2x, https:\/\/i0.wp.com\/www.galiciatips.com\/nl\/files\/2024\/12\/O-Invernadeiro-Natural-Park.jpg?fit=1200%2C803&ssl=1&resize=1050%2C600 3x"},"classes":[]}],"jetpack_likes_enabled":true,"_links":{"self":[{"href":"https:\/\/www.galiciatips.com\/nl\/wp-json\/wp\/v2\/posts\/1146","targetHints":{"allow":["GET"]}}],"collection":[{"href":"https:\/\/www.galiciatips.com\/nl\/wp-json\/wp\/v2\/posts"}],"about":[{"href":"https:\/\/www.galiciatips.com\/nl\/wp-json\/wp\/v2\/types\/post"}],"author":[{"embeddable":true,"href":"https:\/\/www.galiciatips.com\/nl\/wp-json\/wp\/v2\/users\/1"}],"replies":[{"embeddable":true,"href":"https:\/\/www.galiciatips.com\/nl\/wp-json\/wp\/v2\/comments?post=1146"}],"version-history":[{"count":2,"href":"https:\/\/www.galiciatips.com\/nl\/wp-json\/wp\/v2\/posts\/1146\/revisions"}],"predecessor-version":[{"id":1152,"href":"https:\/\/www.galiciatips.com\/nl\/wp-json\/wp\/v2\/posts\/1146\/revisions\/1152"}],"wp:featuredmedia":[{"embeddable":true,"href":"https:\/\/www.galiciatips.com\/nl\/wp-json\/wp\/v2\/media\/1147"}],"wp:attachment":[{"href":"https:\/\/www.galiciatips.com\/nl\/wp-json\/wp\/v2\/media?parent=1146"}],"wp:term":[{"taxonomy":"category","embeddable":true,"href":"https:\/\/www.galiciatips.com\/nl\/wp-json\/wp\/v2\/categories?post=1146"},{"taxonomy":"post_tag","embeddable":true,"href":"https:\/\/www.galiciatips.com\/nl\/wp-json\/wp\/v2\/tags?post=1146"}],"curies":[{"name":"wp","href":"https:\/\/api.w.org\/{rel}","templated":true}]}}