{"id":366,"date":"2019-01-26T16:48:19","date_gmt":"2019-01-26T15:48:19","guid":{"rendered":"http:\/\/www.galiciatips.com\/nl\/?p=366"},"modified":"2021-09-23T22:37:17","modified_gmt":"2021-09-23T20:37:17","slug":"npo-programma-reizen-waes-jaagt-op-eendenmosselen-percebes","status":"publish","type":"post","link":"https:\/\/www.galiciatips.com\/nl\/2019\/01\/26\/npo-programma-reizen-waes-jaagt-op-eendenmosselen-percebes\/","title":{"rendered":"NPO-programma Reizen Waes jaagt op eendenmosselen (percebes)"},"content":{"rendered":"\n<p>Kijkerstip! De bekende presentator Tom Waes bezocht in zijn tv serie Reizen Waes ook Galici\u00eb. In de tweede afdeling van het seizoen bezoekt hij percebeiros (eendenmosseljagers) in Muxia. Percebeiros zijn de stoere mannen die hun leven wagen om <a href=\"https:\/\/www.galiciatips.com\/nl\/over-galicie\/eten-en-drinken\/percebes-eendenmosselen\/\">eendenmosselen (percebes)<\/a> te verzamelen. <\/p>\n\n\n\n<p>Geniet van schitterende beelden van de stoere <a href=\"https:\/\/www.galiciatips.com\/nl\/bestemmingen\/costa-da-morte-dodenkust\/\">Costa da Morte<\/a> waar wilde golven klotsen op de ruige rotskust. En ervaar hoe de Perceiberos in deze gevaarlijke omstandigheden eendenmosselen vangen! <\/p>\n\n\n\n<p> De aflevering met het fragment in Galici\u00eb is hier terug te zien: <\/p>\n\n\n\n<ul class=\"wp-block-list\"><li><a rel=\"noreferrer noopener\" aria-label=\"NPO (opent in een nieuwe tab)\" href=\"https:\/\/www.npo3.nl\/reizen-waes\/25-01-2019\/VPWON_1298668?start_at=1895\ufeff\" target=\"_blank\">NPO<\/a> (fragment start direct in Galici\u00eb) <\/li><li><a rel=\"noreferrer noopener\" aria-label=\"EEN.be (opent in een nieuwe tab)\" href=\"https:\/\/www.een.be\/reizen-waes\/reisdossier-spanje\ufeff\" target=\"_blank\">EEN.be<\/a> (even scrollen naar het kopje Costa de la Muerte) <ul><li><\/li><\/ul><\/li><\/ul>\n\n\n\n<figure class=\"wp-block-image\"><img data-recalc-dims=\"1\" loading=\"lazy\" decoding=\"async\" width=\"1024\" height=\"555\" data-attachment-id=\"367\" data-permalink=\"https:\/\/www.galiciatips.com\/nl\/2019\/01\/26\/npo-programma-reizen-waes-jaagt-op-eendenmosselen-percebes\/waes-percebes-galicie\/\" data-orig-file=\"https:\/\/i0.wp.com\/www.galiciatips.com\/nl\/files\/2019\/01\/Waes-percebes-galicie.png?fit=1136%2C616&amp;ssl=1\" data-orig-size=\"1136,616\" data-comments-opened=\"0\" data-image-meta=\"{&quot;aperture&quot;:&quot;0&quot;,&quot;credit&quot;:&quot;&quot;,&quot;camera&quot;:&quot;&quot;,&quot;caption&quot;:&quot;&quot;,&quot;created_timestamp&quot;:&quot;0&quot;,&quot;copyright&quot;:&quot;&quot;,&quot;focal_length&quot;:&quot;0&quot;,&quot;iso&quot;:&quot;0&quot;,&quot;shutter_speed&quot;:&quot;0&quot;,&quot;title&quot;:&quot;&quot;,&quot;orientation&quot;:&quot;0&quot;}\" data-image-title=\"Waes-percebes-galicie\" data-image-description=\"\" data-image-caption=\"\" data-medium-file=\"https:\/\/i0.wp.com\/www.galiciatips.com\/nl\/files\/2019\/01\/Waes-percebes-galicie.png?fit=300%2C163&amp;ssl=1\" data-large-file=\"https:\/\/i0.wp.com\/www.galiciatips.com\/nl\/files\/2019\/01\/Waes-percebes-galicie.png?fit=1024%2C555&amp;ssl=1\" src=\"https:\/\/i0.wp.com\/www.galiciatips.com\/nl\/files\/2019\/01\/Waes-percebes-galicie-1024x555.png?resize=1024%2C555&#038;ssl=1\" alt=\"\" class=\"wp-image-367\" srcset=\"https:\/\/i0.wp.com\/www.galiciatips.com\/nl\/files\/2019\/01\/Waes-percebes-galicie.png?resize=1024%2C555&amp;ssl=1 1024w, https:\/\/i0.wp.com\/www.galiciatips.com\/nl\/files\/2019\/01\/Waes-percebes-galicie.png?resize=300%2C163&amp;ssl=1 300w, https:\/\/i0.wp.com\/www.galiciatips.com\/nl\/files\/2019\/01\/Waes-percebes-galicie.png?resize=768%2C416&amp;ssl=1 768w, https:\/\/i0.wp.com\/www.galiciatips.com\/nl\/files\/2019\/01\/Waes-percebes-galicie.png?w=1136&amp;ssl=1 1136w\" sizes=\"auto, (max-width: 1024px) 100vw, 1024px\" \/><\/figure>\n\n\n\n<p>\n\nIn de aflevering is te zien hoe het werk van de percebeiros in het werk gaat. Het vangen van de kostbare eendenmosselen is niet makkelijk en ook zeker niet zonder gevaar. Samen met enkele ervaren percebeiros daalt Tom Waes op een stormachtige januaridag af in het water om percebos te verzamelen. Geen gemakkelijk baantje ervaart hij al snel als de golven over hem heen slaan en hij zich stevig moet zekeren tussen de rotsen!<\/p>\n\n\n\n<p><em>ps. dat percebeiros &nbsp;stoere mannen zijn en hun leven wagen komt ook aan bod in de eerder besproken roman&nbsp;<a href=\"https:\/\/www.galiciatips.com\/nl\/2017\/04\/11\/boekrecensie-domingo-villar-strand-verdronkenen\/\">Het&nbsp;strand&nbsp;van&nbsp;de&nbsp;verdronkenen<\/a><\/em><\/p>\n","protected":false},"excerpt":{"rendered":"<p>Kijkerstip! De bekende presentator Tom Waes bezocht in zijn tv serie Reizen Waes ook Galici\u00eb. In de tweede afdeling van het seizoen bezoekt hij percebeiros (eendenmosseljagers) in Muxia. Percebeiros zijn de stoere mannen die hun leven wagen om eendenmosselen (percebes) te verzamelen. Geniet van schitterende beelden van de stoere Costa da Morte waar wilde golven [&hellip;]<\/p>\n","protected":false},"author":1,"featured_media":367,"comment_status":"closed","ping_status":"open","sticky":false,"template":"","format":"standard","meta":{"_monsterinsights_skip_tracking":false,"_monsterinsights_sitenote_active":false,"_monsterinsights_sitenote_note":"","_monsterinsights_sitenote_category":0,"_uf_show_specific_survey":0,"_uf_disable_surveys":false,"jetpack_post_was_ever_published":false,"_jetpack_newsletter_access":"","_jetpack_dont_email_post_to_subs":false,"_jetpack_newsletter_tier_id":0,"_jetpack_memberships_contains_paywalled_content":false,"_jetpack_memberships_contains_paid_content":false,"footnotes":""},"categories":[3],"tags":[4,57],"class_list":{"0":"post-366","1":"post","2":"type-post","3":"status-publish","4":"format-standard","5":"has-post-thumbnail","7":"category-blog","8":"tag-eten-drinken","9":"tag-tv","10":"czr-hentry"},"yoast_head":"<!-- This site is optimized with the Yoast SEO plugin v26.7 - https:\/\/yoast.com\/wordpress\/plugins\/seo\/ -->\n<title>NPO-programma Reizen Waes jaagt op eendenmosselen (percebes) - Galicia Tips<\/title>\n<meta name=\"description\" content=\"Kijkerstip! Presentator Tom Waes gaat in het NPO-programma mee op jacht naar percebes in Galici\u00eb. Fantastische beelden van de kust en de spannende jacht op eendenmosselen!\" \/>\n<meta name=\"robots\" content=\"index, follow, max-snippet:-1, max-image-preview:large, max-video-preview:-1\" \/>\n<link rel=\"canonical\" href=\"https:\/\/www.galiciatips.com\/nl\/2019\/01\/26\/npo-programma-reizen-waes-jaagt-op-eendenmosselen-percebes\/\" \/>\n<meta property=\"og:locale\" content=\"nl_NL\" \/>\n<meta property=\"og:type\" content=\"article\" \/>\n<meta property=\"og:title\" content=\"Reizen Waes jaagt op eendenmosselen (percebes)\" \/>\n<meta property=\"og:description\" content=\"Kijkerstip! Presentator Tom Waes gaat in het NPO-programma mee op jacht naar percebes in Galici\u00eb. Fantastische beelden van de kust en de spannende jacht op eendenmosselen!\" \/>\n<meta property=\"og:url\" content=\"https:\/\/www.galiciatips.com\/nl\/2019\/01\/26\/npo-programma-reizen-waes-jaagt-op-eendenmosselen-percebes\/\" \/>\n<meta property=\"og:site_name\" content=\"Galicia Tips\" \/>\n<meta property=\"article:publisher\" content=\"http:\/\/facebook.com\/galiciatips\" \/>\n<meta property=\"article:published_time\" content=\"2019-01-26T15:48:19+00:00\" \/>\n<meta property=\"article:modified_time\" content=\"2021-09-23T20:37:17+00:00\" \/>\n<meta property=\"og:image\" content=\"https:\/\/i2.wp.com\/www.galiciatips.com\/nl\/files\/2019\/01\/Waes-percebes-galicie.png?fit=1136%2C616&ssl=1\" \/>\n\t<meta property=\"og:image:width\" content=\"1136\" \/>\n\t<meta property=\"og:image:height\" content=\"616\" \/>\n\t<meta property=\"og:image:type\" content=\"image\/png\" \/>\n<meta name=\"author\" content=\"Rob\" \/>\n<meta name=\"twitter:card\" content=\"summary_large_image\" \/>\n<meta name=\"twitter:label1\" content=\"Geschreven door\" \/>\n\t<meta name=\"twitter:data1\" content=\"Rob\" \/>\n\t<meta name=\"twitter:label2\" content=\"Geschatte leestijd\" \/>\n\t<meta name=\"twitter:data2\" content=\"2 minuten\" \/>\n<script type=\"application\/ld+json\" class=\"yoast-schema-graph\">{\"@context\":\"https:\/\/schema.org\",\"@graph\":[{\"@type\":\"Article\",\"@id\":\"https:\/\/www.galiciatips.com\/nl\/2019\/01\/26\/npo-programma-reizen-waes-jaagt-op-eendenmosselen-percebes\/#article\",\"isPartOf\":{\"@id\":\"https:\/\/www.galiciatips.com\/nl\/2019\/01\/26\/npo-programma-reizen-waes-jaagt-op-eendenmosselen-percebes\/\"},\"author\":{\"name\":\"Rob\",\"@id\":\"https:\/\/www.galiciatips.com\/nl\/#\/schema\/person\/4d098088ec5620d4b1ac492389bfab15\"},\"headline\":\"NPO-programma Reizen Waes jaagt op eendenmosselen (percebes)\",\"datePublished\":\"2019-01-26T15:48:19+00:00\",\"dateModified\":\"2021-09-23T20:37:17+00:00\",\"mainEntityOfPage\":{\"@id\":\"https:\/\/www.galiciatips.com\/nl\/2019\/01\/26\/npo-programma-reizen-waes-jaagt-op-eendenmosselen-percebes\/\"},\"wordCount\":211,\"publisher\":{\"@id\":\"https:\/\/www.galiciatips.com\/nl\/#organization\"},\"image\":{\"@id\":\"https:\/\/www.galiciatips.com\/nl\/2019\/01\/26\/npo-programma-reizen-waes-jaagt-op-eendenmosselen-percebes\/#primaryimage\"},\"thumbnailUrl\":\"https:\/\/i0.wp.com\/www.galiciatips.com\/nl\/files\/2019\/01\/Waes-percebes-galicie.png?fit=1136%2C616&ssl=1\",\"keywords\":[\"eten-drinken\",\"tv\"],\"articleSection\":[\"Blog\"],\"inLanguage\":\"nl-NL\"},{\"@type\":\"WebPage\",\"@id\":\"https:\/\/www.galiciatips.com\/nl\/2019\/01\/26\/npo-programma-reizen-waes-jaagt-op-eendenmosselen-percebes\/\",\"url\":\"https:\/\/www.galiciatips.com\/nl\/2019\/01\/26\/npo-programma-reizen-waes-jaagt-op-eendenmosselen-percebes\/\",\"name\":\"NPO-programma Reizen Waes jaagt op eendenmosselen (percebes) - Galicia Tips\",\"isPartOf\":{\"@id\":\"https:\/\/www.galiciatips.com\/nl\/#website\"},\"primaryImageOfPage\":{\"@id\":\"https:\/\/www.galiciatips.com\/nl\/2019\/01\/26\/npo-programma-reizen-waes-jaagt-op-eendenmosselen-percebes\/#primaryimage\"},\"image\":{\"@id\":\"https:\/\/www.galiciatips.com\/nl\/2019\/01\/26\/npo-programma-reizen-waes-jaagt-op-eendenmosselen-percebes\/#primaryimage\"},\"thumbnailUrl\":\"https:\/\/i0.wp.com\/www.galiciatips.com\/nl\/files\/2019\/01\/Waes-percebes-galicie.png?fit=1136%2C616&ssl=1\",\"datePublished\":\"2019-01-26T15:48:19+00:00\",\"dateModified\":\"2021-09-23T20:37:17+00:00\",\"description\":\"Kijkerstip! Presentator Tom Waes gaat in het NPO-programma mee op jacht naar percebes in Galici\u00eb. Fantastische beelden van de kust en de spannende jacht op eendenmosselen!\",\"breadcrumb\":{\"@id\":\"https:\/\/www.galiciatips.com\/nl\/2019\/01\/26\/npo-programma-reizen-waes-jaagt-op-eendenmosselen-percebes\/#breadcrumb\"},\"inLanguage\":\"nl-NL\",\"potentialAction\":[{\"@type\":\"ReadAction\",\"target\":[\"https:\/\/www.galiciatips.com\/nl\/2019\/01\/26\/npo-programma-reizen-waes-jaagt-op-eendenmosselen-percebes\/\"]}]},{\"@type\":\"ImageObject\",\"inLanguage\":\"nl-NL\",\"@id\":\"https:\/\/www.galiciatips.com\/nl\/2019\/01\/26\/npo-programma-reizen-waes-jaagt-op-eendenmosselen-percebes\/#primaryimage\",\"url\":\"https:\/\/i0.wp.com\/www.galiciatips.com\/nl\/files\/2019\/01\/Waes-percebes-galicie.png?fit=1136%2C616&ssl=1\",\"contentUrl\":\"https:\/\/i0.wp.com\/www.galiciatips.com\/nl\/files\/2019\/01\/Waes-percebes-galicie.png?fit=1136%2C616&ssl=1\",\"width\":1136,\"height\":616},{\"@type\":\"BreadcrumbList\",\"@id\":\"https:\/\/www.galiciatips.com\/nl\/2019\/01\/26\/npo-programma-reizen-waes-jaagt-op-eendenmosselen-percebes\/#breadcrumb\",\"itemListElement\":[{\"@type\":\"ListItem\",\"position\":1,\"name\":\"Home\",\"item\":\"https:\/\/www.galiciatips.com\/nl\/\"},{\"@type\":\"ListItem\",\"position\":2,\"name\":\"NPO-programma Reizen Waes jaagt op eendenmosselen (percebes)\"}]},{\"@type\":\"WebSite\",\"@id\":\"https:\/\/www.galiciatips.com\/nl\/#website\",\"url\":\"https:\/\/www.galiciatips.com\/nl\/\",\"name\":\"Galicia Tips\",\"description\":\"Galicia Tips - Alles over Galicia\",\"publisher\":{\"@id\":\"https:\/\/www.galiciatips.com\/nl\/#organization\"},\"potentialAction\":[{\"@type\":\"SearchAction\",\"target\":{\"@type\":\"EntryPoint\",\"urlTemplate\":\"https:\/\/www.galiciatips.com\/nl\/?s={search_term_string}\"},\"query-input\":{\"@type\":\"PropertyValueSpecification\",\"valueRequired\":true,\"valueName\":\"search_term_string\"}}],\"inLanguage\":\"nl-NL\"},{\"@type\":\"Organization\",\"@id\":\"https:\/\/www.galiciatips.com\/nl\/#organization\",\"name\":\"Galicia Tips\",\"url\":\"https:\/\/www.galiciatips.com\/nl\/\",\"logo\":{\"@type\":\"ImageObject\",\"inLanguage\":\"nl-NL\",\"@id\":\"https:\/\/www.galiciatips.com\/nl\/#\/schema\/logo\/image\/\",\"url\":\"https:\/\/i1.wp.com\/www.galiciatips.com\/nl\/files\/2017\/04\/cropped-GALICIA-TIPS-LOGO.png?fit=512%2C512&ssl=1\",\"contentUrl\":\"https:\/\/i1.wp.com\/www.galiciatips.com\/nl\/files\/2017\/04\/cropped-GALICIA-TIPS-LOGO.png?fit=512%2C512&ssl=1\",\"width\":512,\"height\":512,\"caption\":\"Galicia Tips\"},\"image\":{\"@id\":\"https:\/\/www.galiciatips.com\/nl\/#\/schema\/logo\/image\/\"},\"sameAs\":[\"http:\/\/facebook.com\/galiciatips\"]},{\"@type\":\"Person\",\"@id\":\"https:\/\/www.galiciatips.com\/nl\/#\/schema\/person\/4d098088ec5620d4b1ac492389bfab15\",\"name\":\"Rob\",\"description\":\"Dutchman who fell in love with Galicia. He studied at the University of Santiago de Compostela, lived with a Galician roommate in Barcelona, and has visited Galicia multiple times over the past 20+ years.\"}]}<\/script>\n<!-- \/ Yoast SEO plugin. -->","yoast_head_json":{"title":"NPO-programma Reizen Waes jaagt op eendenmosselen (percebes) - Galicia Tips","description":"Kijkerstip! Presentator Tom Waes gaat in het NPO-programma mee op jacht naar percebes in Galici\u00eb. Fantastische beelden van de kust en de spannende jacht op eendenmosselen!","robots":{"index":"index","follow":"follow","max-snippet":"max-snippet:-1","max-image-preview":"max-image-preview:large","max-video-preview":"max-video-preview:-1"},"canonical":"https:\/\/www.galiciatips.com\/nl\/2019\/01\/26\/npo-programma-reizen-waes-jaagt-op-eendenmosselen-percebes\/","og_locale":"nl_NL","og_type":"article","og_title":"Reizen Waes jaagt op eendenmosselen (percebes)","og_description":"Kijkerstip! Presentator Tom Waes gaat in het NPO-programma mee op jacht naar percebes in Galici\u00eb. Fantastische beelden van de kust en de spannende jacht op eendenmosselen!","og_url":"https:\/\/www.galiciatips.com\/nl\/2019\/01\/26\/npo-programma-reizen-waes-jaagt-op-eendenmosselen-percebes\/","og_site_name":"Galicia Tips","article_publisher":"http:\/\/facebook.com\/galiciatips","article_published_time":"2019-01-26T15:48:19+00:00","article_modified_time":"2021-09-23T20:37:17+00:00","og_image":[{"width":1136,"height":616,"url":"https:\/\/i2.wp.com\/www.galiciatips.com\/nl\/files\/2019\/01\/Waes-percebes-galicie.png?fit=1136%2C616&ssl=1","type":"image\/png"}],"author":"Rob","twitter_card":"summary_large_image","twitter_misc":{"Geschreven door":"Rob","Geschatte leestijd":"2 minuten"},"schema":{"@context":"https:\/\/schema.org","@graph":[{"@type":"Article","@id":"https:\/\/www.galiciatips.com\/nl\/2019\/01\/26\/npo-programma-reizen-waes-jaagt-op-eendenmosselen-percebes\/#article","isPartOf":{"@id":"https:\/\/www.galiciatips.com\/nl\/2019\/01\/26\/npo-programma-reizen-waes-jaagt-op-eendenmosselen-percebes\/"},"author":{"name":"Rob","@id":"https:\/\/www.galiciatips.com\/nl\/#\/schema\/person\/4d098088ec5620d4b1ac492389bfab15"},"headline":"NPO-programma Reizen Waes jaagt op eendenmosselen (percebes)","datePublished":"2019-01-26T15:48:19+00:00","dateModified":"2021-09-23T20:37:17+00:00","mainEntityOfPage":{"@id":"https:\/\/www.galiciatips.com\/nl\/2019\/01\/26\/npo-programma-reizen-waes-jaagt-op-eendenmosselen-percebes\/"},"wordCount":211,"publisher":{"@id":"https:\/\/www.galiciatips.com\/nl\/#organization"},"image":{"@id":"https:\/\/www.galiciatips.com\/nl\/2019\/01\/26\/npo-programma-reizen-waes-jaagt-op-eendenmosselen-percebes\/#primaryimage"},"thumbnailUrl":"https:\/\/i0.wp.com\/www.galiciatips.com\/nl\/files\/2019\/01\/Waes-percebes-galicie.png?fit=1136%2C616&ssl=1","keywords":["eten-drinken","tv"],"articleSection":["Blog"],"inLanguage":"nl-NL"},{"@type":"WebPage","@id":"https:\/\/www.galiciatips.com\/nl\/2019\/01\/26\/npo-programma-reizen-waes-jaagt-op-eendenmosselen-percebes\/","url":"https:\/\/www.galiciatips.com\/nl\/2019\/01\/26\/npo-programma-reizen-waes-jaagt-op-eendenmosselen-percebes\/","name":"NPO-programma Reizen Waes jaagt op eendenmosselen (percebes) - Galicia Tips","isPartOf":{"@id":"https:\/\/www.galiciatips.com\/nl\/#website"},"primaryImageOfPage":{"@id":"https:\/\/www.galiciatips.com\/nl\/2019\/01\/26\/npo-programma-reizen-waes-jaagt-op-eendenmosselen-percebes\/#primaryimage"},"image":{"@id":"https:\/\/www.galiciatips.com\/nl\/2019\/01\/26\/npo-programma-reizen-waes-jaagt-op-eendenmosselen-percebes\/#primaryimage"},"thumbnailUrl":"https:\/\/i0.wp.com\/www.galiciatips.com\/nl\/files\/2019\/01\/Waes-percebes-galicie.png?fit=1136%2C616&ssl=1","datePublished":"2019-01-26T15:48:19+00:00","dateModified":"2021-09-23T20:37:17+00:00","description":"Kijkerstip! Presentator Tom Waes gaat in het NPO-programma mee op jacht naar percebes in Galici\u00eb. Fantastische beelden van de kust en de spannende jacht op eendenmosselen!","breadcrumb":{"@id":"https:\/\/www.galiciatips.com\/nl\/2019\/01\/26\/npo-programma-reizen-waes-jaagt-op-eendenmosselen-percebes\/#breadcrumb"},"inLanguage":"nl-NL","potentialAction":[{"@type":"ReadAction","target":["https:\/\/www.galiciatips.com\/nl\/2019\/01\/26\/npo-programma-reizen-waes-jaagt-op-eendenmosselen-percebes\/"]}]},{"@type":"ImageObject","inLanguage":"nl-NL","@id":"https:\/\/www.galiciatips.com\/nl\/2019\/01\/26\/npo-programma-reizen-waes-jaagt-op-eendenmosselen-percebes\/#primaryimage","url":"https:\/\/i0.wp.com\/www.galiciatips.com\/nl\/files\/2019\/01\/Waes-percebes-galicie.png?fit=1136%2C616&ssl=1","contentUrl":"https:\/\/i0.wp.com\/www.galiciatips.com\/nl\/files\/2019\/01\/Waes-percebes-galicie.png?fit=1136%2C616&ssl=1","width":1136,"height":616},{"@type":"BreadcrumbList","@id":"https:\/\/www.galiciatips.com\/nl\/2019\/01\/26\/npo-programma-reizen-waes-jaagt-op-eendenmosselen-percebes\/#breadcrumb","itemListElement":[{"@type":"ListItem","position":1,"name":"Home","item":"https:\/\/www.galiciatips.com\/nl\/"},{"@type":"ListItem","position":2,"name":"NPO-programma Reizen Waes jaagt op eendenmosselen (percebes)"}]},{"@type":"WebSite","@id":"https:\/\/www.galiciatips.com\/nl\/#website","url":"https:\/\/www.galiciatips.com\/nl\/","name":"Galicia Tips","description":"Galicia Tips - Alles over Galicia","publisher":{"@id":"https:\/\/www.galiciatips.com\/nl\/#organization"},"potentialAction":[{"@type":"SearchAction","target":{"@type":"EntryPoint","urlTemplate":"https:\/\/www.galiciatips.com\/nl\/?s={search_term_string}"},"query-input":{"@type":"PropertyValueSpecification","valueRequired":true,"valueName":"search_term_string"}}],"inLanguage":"nl-NL"},{"@type":"Organization","@id":"https:\/\/www.galiciatips.com\/nl\/#organization","name":"Galicia Tips","url":"https:\/\/www.galiciatips.com\/nl\/","logo":{"@type":"ImageObject","inLanguage":"nl-NL","@id":"https:\/\/www.galiciatips.com\/nl\/#\/schema\/logo\/image\/","url":"https:\/\/i1.wp.com\/www.galiciatips.com\/nl\/files\/2017\/04\/cropped-GALICIA-TIPS-LOGO.png?fit=512%2C512&ssl=1","contentUrl":"https:\/\/i1.wp.com\/www.galiciatips.com\/nl\/files\/2017\/04\/cropped-GALICIA-TIPS-LOGO.png?fit=512%2C512&ssl=1","width":512,"height":512,"caption":"Galicia Tips"},"image":{"@id":"https:\/\/www.galiciatips.com\/nl\/#\/schema\/logo\/image\/"},"sameAs":["http:\/\/facebook.com\/galiciatips"]},{"@type":"Person","@id":"https:\/\/www.galiciatips.com\/nl\/#\/schema\/person\/4d098088ec5620d4b1ac492389bfab15","name":"Rob","description":"Dutchman who fell in love with Galicia. He studied at the University of Santiago de Compostela, lived with a Galician roommate in Barcelona, and has visited Galicia multiple times over the past 20+ years."}]}},"jetpack_featured_media_url":"https:\/\/i0.wp.com\/www.galiciatips.com\/nl\/files\/2019\/01\/Waes-percebes-galicie.png?fit=1136%2C616&ssl=1","jetpack_sharing_enabled":true,"jetpack_shortlink":"https:\/\/wp.me\/paGNM0-5U","jetpack-related-posts":[{"id":622,"url":"https:\/\/www.galiciatips.com\/nl\/2019\/09\/27\/radio1-reportage-over-eendenmosselen\/","url_meta":{"origin":366,"position":0},"title":"Radio1 reportage over Eendenmosselen","author":"Rob","date":"27 september 2019","format":false,"excerpt":"Gehoord op de radio, een interessante rapportage over eendenmosselen in Galici\u00eb. De journaliste gaat op bezoek op de markt bij een verkoper van percebes en interviewt ook enkele percebeiros, die met gevaar voor eigen leven eendenmosselen vangen aan de ruige Galicische kust. Je kunt de rapportage van 6 minuten hier\u2026","rel":"","context":"In &quot;Blog&quot;","block_context":{"text":"Blog","link":"https:\/\/www.galiciatips.com\/nl\/category\/blog\/"},"img":{"alt_text":"","src":"","width":0,"height":0},"classes":[]},{"id":467,"url":"https:\/\/www.galiciatips.com\/nl\/2019\/03\/05\/ilja-gort-in-galicie\/","url_meta":{"origin":366,"position":1},"title":"Ilja Gort in Galici\u00eb","author":"Rob","date":"5 maart 2019","format":false,"excerpt":"Vandaag, dinsdag 5 maart, verscheen de eerste aflevering van het nieuwe seizoen Gort over de Grens waarin Ilja Gort op pad gaat in Spanje. In de eerste aflevering reist hij af naar Galici\u00eb. Volkomen terecht natuurlijk dat hij Galici\u00eb als eerste aandoet, daar komt hij ook zelf achter! Bekijk hier\u2026","rel":"","context":"In &quot;Blog&quot;","block_context":{"text":"Blog","link":"https:\/\/www.galiciatips.com\/nl\/category\/blog\/"},"img":{"alt_text":"","src":"https:\/\/i0.wp.com\/www.galiciatips.com\/nl\/files\/2019\/03\/csm_Ilja-gort-wijn-uit-komt_3d03316975.jpg?fit=784%2C442&ssl=1&resize=350%2C200","width":350,"height":200,"srcset":"https:\/\/i0.wp.com\/www.galiciatips.com\/nl\/files\/2019\/03\/csm_Ilja-gort-wijn-uit-komt_3d03316975.jpg?fit=784%2C442&ssl=1&resize=350%2C200 1x, https:\/\/i0.wp.com\/www.galiciatips.com\/nl\/files\/2019\/03\/csm_Ilja-gort-wijn-uit-komt_3d03316975.jpg?fit=784%2C442&ssl=1&resize=525%2C300 1.5x, https:\/\/i0.wp.com\/www.galiciatips.com\/nl\/files\/2019\/03\/csm_Ilja-gort-wijn-uit-komt_3d03316975.jpg?fit=784%2C442&ssl=1&resize=700%2C400 2x"},"classes":[]},{"id":1189,"url":"https:\/\/www.galiciatips.com\/nl\/2021\/09\/18\/costa-da-morte-in-tv-programma-brieven-aan-de-rest-van-spanje\/","url_meta":{"origin":366,"position":2},"title":"Costa da Morte in tv-programma Brieven aan de rest van Spanje","author":"Rob","date":"18 september 2021","format":false,"excerpt":"TV-maker Stef Biemans woont al 3 jaar in Spanje, in Andalusi\u00eb om precies te zijn. Om Spanje beter te leren kennen stuurt hij brieven aan Spanjaarden om hen beter te leren kennen. In aflevering 2 van de serie bezoekt Biemans Galici\u00eb, met name de Costa da Morte. Hij stelt hen\u2026","rel":"","context":"In &quot;Blog&quot;","block_context":{"text":"Blog","link":"https:\/\/www.galiciatips.com\/nl\/category\/blog\/"},"img":{"alt_text":"","src":"https:\/\/i0.wp.com\/www.galiciatips.com\/nl\/files\/2021\/09\/Brieven-aan-de-rest-van-Spanje-Biemans-in-Galicie%CC%88.png?fit=822%2C466&ssl=1&resize=350%2C200","width":350,"height":200,"srcset":"https:\/\/i0.wp.com\/www.galiciatips.com\/nl\/files\/2021\/09\/Brieven-aan-de-rest-van-Spanje-Biemans-in-Galicie%CC%88.png?fit=822%2C466&ssl=1&resize=350%2C200 1x, https:\/\/i0.wp.com\/www.galiciatips.com\/nl\/files\/2021\/09\/Brieven-aan-de-rest-van-Spanje-Biemans-in-Galicie%CC%88.png?fit=822%2C466&ssl=1&resize=525%2C300 1.5x, https:\/\/i0.wp.com\/www.galiciatips.com\/nl\/files\/2021\/09\/Brieven-aan-de-rest-van-Spanje-Biemans-in-Galicie%CC%88.png?fit=822%2C466&ssl=1&resize=700%2C400 2x"},"classes":[]},{"id":662,"url":"https:\/\/www.galiciatips.com\/nl\/2019\/10\/30\/bnn-3opreis-in-galicie\/","url_meta":{"origin":366,"position":3},"title":"BNN 3opReis in Galici\u00eb","author":"Rob","date":"30 oktober 2019","format":false,"excerpt":"Het is alweer 4 jaar geleden, maar ik heb de uitzending pas net ontdekt. En ach, wat maakt het uit, sommige bezienswaardigheden zijn al duizenden jaren oud en nog steeds het bekijken waard. Zo ook deze uitzending van 3opReis. Uit 2015, maar nog hartstikke actueel! Presentator Chris Zegers gaat voor\u2026","rel":"","context":"In &quot;Blog&quot;","block_context":{"text":"Blog","link":"https:\/\/www.galiciatips.com\/nl\/category\/blog\/"},"img":{"alt_text":"","src":"https:\/\/i0.wp.com\/www.galiciatips.com\/nl\/files\/2019\/10\/3opReis-in-Galicie.png?fit=1200%2C674&ssl=1&resize=350%2C200","width":350,"height":200,"srcset":"https:\/\/i0.wp.com\/www.galiciatips.com\/nl\/files\/2019\/10\/3opReis-in-Galicie.png?fit=1200%2C674&ssl=1&resize=350%2C200 1x, https:\/\/i0.wp.com\/www.galiciatips.com\/nl\/files\/2019\/10\/3opReis-in-Galicie.png?fit=1200%2C674&ssl=1&resize=525%2C300 1.5x, https:\/\/i0.wp.com\/www.galiciatips.com\/nl\/files\/2019\/10\/3opReis-in-Galicie.png?fit=1200%2C674&ssl=1&resize=700%2C400 2x, https:\/\/i0.wp.com\/www.galiciatips.com\/nl\/files\/2019\/10\/3opReis-in-Galicie.png?fit=1200%2C674&ssl=1&resize=1050%2C600 3x"},"classes":[]},{"id":906,"url":"https:\/\/www.galiciatips.com\/nl\/2020\/07\/08\/lockdown-in-galicie\/","url_meta":{"origin":366,"position":4},"title":"Lock down in Galici\u00eb","author":"Rob","date":"8 juli 2020","format":false,"excerpt":"Galici\u00eb is in het nieuws deze week, maar helaas geen positief nieuws. Er is namelijk een lock down in Galici\u00eb! Schrik niet, het betreft slechts een zeer klein gebied en de lock down duurt waarschijnlijk slechts deze week (6 t\/m 10 juli). Deze lock down is in A Mari\u00f1a, een\u2026","rel":"","context":"In &quot;Blog&quot;","block_context":{"text":"Blog","link":"https:\/\/www.galiciatips.com\/nl\/category\/blog\/"},"img":{"alt_text":"Lock down A Mari\u00f1a","src":"https:\/\/i0.wp.com\/www.galiciatips.com\/nl\/files\/2020\/07\/Tm-Spain-La-Marin%CC%83a.jpg?fit=1176%2C1200&ssl=1&resize=350%2C200","width":350,"height":200,"srcset":"https:\/\/i0.wp.com\/www.galiciatips.com\/nl\/files\/2020\/07\/Tm-Spain-La-Marin%CC%83a.jpg?fit=1176%2C1200&ssl=1&resize=350%2C200 1x, https:\/\/i0.wp.com\/www.galiciatips.com\/nl\/files\/2020\/07\/Tm-Spain-La-Marin%CC%83a.jpg?fit=1176%2C1200&ssl=1&resize=525%2C300 1.5x, https:\/\/i0.wp.com\/www.galiciatips.com\/nl\/files\/2020\/07\/Tm-Spain-La-Marin%CC%83a.jpg?fit=1176%2C1200&ssl=1&resize=700%2C400 2x, https:\/\/i0.wp.com\/www.galiciatips.com\/nl\/files\/2020\/07\/Tm-Spain-La-Marin%CC%83a.jpg?fit=1176%2C1200&ssl=1&resize=1050%2C600 3x"},"classes":[]},{"id":423,"url":"https:\/\/www.galiciatips.com\/nl\/2019\/02\/04\/docu-galicische-voetbalderby-depor-celta\/","url_meta":{"origin":366,"position":5},"title":"[docu] Galicische voetbalderby: Depor &#8211; Celta","author":"Rob","date":"4 februari 2019","format":false,"excerpt":"Voetbalfans opgelet, in de volgende documentaire ga je kopje onder in 'O Derbi galego', oftewel de Galicische derby tussen Deportivo a Coru\u00f1a en Celta de Vigo. ps. Engels gesproken, zonder ondertiteling Maar het is niet alleen maar voetbal. De eerste 6 minuten gaan zelfs helemaal niet over voetbal, maar vooral\u2026","rel":"","context":"In &quot;Blog&quot;","block_context":{"text":"Blog","link":"https:\/\/www.galiciatips.com\/nl\/category\/blog\/"},"img":{"alt_text":"Derby galicia depor vigo","src":"https:\/\/i0.wp.com\/www.galiciatips.com\/nl\/files\/2019\/02\/Derby-galicia-depor-vigo.png?fit=1200%2C672&ssl=1&resize=350%2C200","width":350,"height":200,"srcset":"https:\/\/i0.wp.com\/www.galiciatips.com\/nl\/files\/2019\/02\/Derby-galicia-depor-vigo.png?fit=1200%2C672&ssl=1&resize=350%2C200 1x, https:\/\/i0.wp.com\/www.galiciatips.com\/nl\/files\/2019\/02\/Derby-galicia-depor-vigo.png?fit=1200%2C672&ssl=1&resize=525%2C300 1.5x, https:\/\/i0.wp.com\/www.galiciatips.com\/nl\/files\/2019\/02\/Derby-galicia-depor-vigo.png?fit=1200%2C672&ssl=1&resize=700%2C400 2x, https:\/\/i0.wp.com\/www.galiciatips.com\/nl\/files\/2019\/02\/Derby-galicia-depor-vigo.png?fit=1200%2C672&ssl=1&resize=1050%2C600 3x"},"classes":[]}],"jetpack_likes_enabled":true,"_links":{"self":[{"href":"https:\/\/www.galiciatips.com\/nl\/wp-json\/wp\/v2\/posts\/366","targetHints":{"allow":["GET"]}}],"collection":[{"href":"https:\/\/www.galiciatips.com\/nl\/wp-json\/wp\/v2\/posts"}],"about":[{"href":"https:\/\/www.galiciatips.com\/nl\/wp-json\/wp\/v2\/types\/post"}],"author":[{"embeddable":true,"href":"https:\/\/www.galiciatips.com\/nl\/wp-json\/wp\/v2\/users\/1"}],"replies":[{"embeddable":true,"href":"https:\/\/www.galiciatips.com\/nl\/wp-json\/wp\/v2\/comments?post=366"}],"version-history":[{"count":3,"href":"https:\/\/www.galiciatips.com\/nl\/wp-json\/wp\/v2\/posts\/366\/revisions"}],"predecessor-version":[{"id":1217,"href":"https:\/\/www.galiciatips.com\/nl\/wp-json\/wp\/v2\/posts\/366\/revisions\/1217"}],"wp:featuredmedia":[{"embeddable":true,"href":"https:\/\/www.galiciatips.com\/nl\/wp-json\/wp\/v2\/media\/367"}],"wp:attachment":[{"href":"https:\/\/www.galiciatips.com\/nl\/wp-json\/wp\/v2\/media?parent=366"}],"wp:term":[{"taxonomy":"category","embeddable":true,"href":"https:\/\/www.galiciatips.com\/nl\/wp-json\/wp\/v2\/categories?post=366"},{"taxonomy":"post_tag","embeddable":true,"href":"https:\/\/www.galiciatips.com\/nl\/wp-json\/wp\/v2\/tags?post=366"}],"curies":[{"name":"wp","href":"https:\/\/api.w.org\/{rel}","templated":true}]}}