{"id":600,"date":"2019-07-05T15:12:48","date_gmt":"2019-07-05T13:12:48","guid":{"rendered":"http:\/\/www.galiciatips.com\/nl\/?p=600"},"modified":"2019-09-15T20:48:45","modified_gmt":"2019-09-15T18:48:45","slug":"festa-do-marisco-gepresenteerd-in-amsterdam","status":"publish","type":"post","link":"https:\/\/www.galiciatips.com\/nl\/2019\/07\/05\/festa-do-marisco-gepresenteerd-in-amsterdam\/","title":{"rendered":"Festa do Marisco gepresenteerd in Amsterdam"},"content":{"rendered":"\n<p>Een Galicisch feest in Nederland! Afgelopen week was de burgemeester van O Grove in Amsterdam om het vermaarde Fiesta de Marisco en de regio te promoten.<\/p>\n\n\n\n<figure class=\"wp-block-image\"><img data-recalc-dims=\"1\" loading=\"lazy\" decoding=\"async\" width=\"960\" height=\"540\" data-attachment-id=\"601\" data-permalink=\"https:\/\/www.galiciatips.com\/nl\/2019\/07\/05\/festa-do-marisco-gepresenteerd-in-amsterdam\/festa-marisco-amsterdam\/\" data-orig-file=\"https:\/\/i0.wp.com\/www.galiciatips.com\/nl\/files\/2019\/07\/fiesta-do-marisco-amsterdam.jpg?fit=960%2C540&amp;ssl=1\" data-orig-size=\"960,540\" data-comments-opened=\"0\" data-image-meta=\"{&quot;aperture&quot;:&quot;0&quot;,&quot;credit&quot;:&quot;EC&quot;,&quot;camera&quot;:&quot;&quot;,&quot;caption&quot;:&quot;&quot;,&quot;created_timestamp&quot;:&quot;0&quot;,&quot;copyright&quot;:&quot;&quot;,&quot;focal_length&quot;:&quot;0&quot;,&quot;iso&quot;:&quot;0&quot;,&quot;shutter_speed&quot;:&quot;0&quot;,&quot;title&quot;:&quot;festa marisco amsterdam \/&quot;,&quot;orientation&quot;:&quot;1&quot;}\" data-image-title=\"festa marisco amsterdam \/\" data-image-description=\"\" data-image-caption=\"\" data-medium-file=\"https:\/\/i0.wp.com\/www.galiciatips.com\/nl\/files\/2019\/07\/fiesta-do-marisco-amsterdam.jpg?fit=300%2C169&amp;ssl=1\" data-large-file=\"https:\/\/i0.wp.com\/www.galiciatips.com\/nl\/files\/2019\/07\/fiesta-do-marisco-amsterdam.jpg?fit=960%2C540&amp;ssl=1\" src=\"https:\/\/i0.wp.com\/www.galiciatips.com\/nl\/files\/2019\/07\/fiesta-do-marisco-amsterdam.jpg?resize=960%2C540&#038;ssl=1\" alt=\"\" class=\"wp-image-601\" srcset=\"https:\/\/i0.wp.com\/www.galiciatips.com\/nl\/files\/2019\/07\/fiesta-do-marisco-amsterdam.jpg?w=960&amp;ssl=1 960w, https:\/\/i0.wp.com\/www.galiciatips.com\/nl\/files\/2019\/07\/fiesta-do-marisco-amsterdam.jpg?resize=300%2C169&amp;ssl=1 300w, https:\/\/i0.wp.com\/www.galiciatips.com\/nl\/files\/2019\/07\/fiesta-do-marisco-amsterdam.jpg?resize=768%2C432&amp;ssl=1 768w, https:\/\/i0.wp.com\/www.galiciatips.com\/nl\/files\/2019\/07\/fiesta-do-marisco-amsterdam.jpg?resize=528%2C297&amp;ssl=1 528w\" sizes=\"auto, (max-width: 960px) 100vw, 960px\" \/><\/figure>\n\n\n\n<h2 class=\"wp-block-heading\"><strong>Genieten van Galicische lekkernijen<\/strong><\/h2>\n\n\n\n<p>Voor de presentatie waren zo&#8217;n 15 Nederlandse journalisten uitgenodigd. Zij werden getrakteerd op een live cooking sessie van een Galicische chef. Uiteraard presenteerde hij heerlijke marisco (zeevruchten) uit <a href=\"https:\/\/www.galiciatips.com\/nl\/bestemmingen\/o-grove-la-toja\/\">O Grove<\/a>, zoals centollo , mossellen en als uitsmijter vieiras (coquilles) in traditionele, lokale saus. <br>Ook kregen de aanwezigen andere heerlijkheden uit Galici\u00eb voorgeschoteld, zoals Albari\u00f1o wijn. Ik kan me niet anders voorstellen dan dat ze ervan genoten hebben!<\/p>\n\n\n\n<p>Tijdens de sessie werd tevens een promotiefilm vertoond met onder meer <a href=\"https:\/\/www.galiciatips.com\/nl\/bestemmingen\/o-grove-la-toja\/\">La Toja<\/a> en  het strand van <a href=\"https:\/\/www.galiciatips.com\/nl\/activiteiten\/praia-de-lanzada\/\">La Lanzada<\/a>. De presentatie was bedoeld om O Grove en Galici\u00eb te presenteren als originele en goed te bereiken vakantiebestemming. De vertegenwoordigers benadrukten het gemak van <a href=\"https:\/\/www.galiciatips.com\/nl\/over-galicie\/reizen-naar-galicie\/\">reizen naar Galici\u00eb<\/a> met directe vluchten van Amsterdam naar <a href=\"https:\/\/www.galiciatips.com\/nl\/bestemmingen\/santiago-de-compostela\/\">Santiago de Compostela<\/a>.<\/p>\n\n\n\n<h2 class=\"wp-block-heading\">Over het Festa do Marisco<\/h2>\n\n\n\n<p>Oh ja, de aanleiding van dit kleine festijn was het <a href=\"https:\/\/www.galiciatips.com\/nl\/activiteiten\/festa-do-marisco\/\">Festa do Marisco<\/a>. Dit feest wordt jaarlijks in oktober gehouden in O Grove. Ik heb het genoegen gehad om dit eenmaal mee te mogen maken. Een heerlijk feest. Overal wordt de lekkerste marisco gepresenteerd en in grote tenten kun je genieten van heerlijke hapjes en drankjes. Een aanrader om te bezoeken!<\/p>\n\n\n\n<p><\/p>\n","protected":false},"excerpt":{"rendered":"<p>Een Galicisch feest in Nederland! Afgelopen week was de burgemeester van O Grove in Amsterdam om het vermaarde Fiesta de Marisco en de regio te promoten. Genieten van Galicische lekkernijen Voor de presentatie waren zo&#8217;n 15 Nederlandse journalisten uitgenodigd. Zij werden getrakteerd op een live cooking sessie van een Galicische chef. Uiteraard presenteerde hij heerlijke [&hellip;]<\/p>\n","protected":false},"author":1,"featured_media":601,"comment_status":"closed","ping_status":"open","sticky":false,"template":"","format":"standard","meta":{"_monsterinsights_skip_tracking":false,"_monsterinsights_sitenote_active":false,"_monsterinsights_sitenote_note":"","_monsterinsights_sitenote_category":0,"_uf_show_specific_survey":0,"_uf_disable_surveys":false,"jetpack_post_was_ever_published":false,"_jetpack_newsletter_access":"","_jetpack_dont_email_post_to_subs":false,"_jetpack_newsletter_tier_id":0,"_jetpack_memberships_contains_paywalled_content":false,"_jetpack_memberships_contains_paid_content":false,"footnotes":""},"categories":[3],"tags":[4],"class_list":{"0":"post-600","1":"post","2":"type-post","3":"status-publish","4":"format-standard","5":"has-post-thumbnail","7":"category-blog","8":"tag-eten-drinken","9":"czr-hentry"},"yoast_head":"<!-- This site is optimized with the Yoast SEO plugin v26.7 - https:\/\/yoast.com\/wordpress\/plugins\/seo\/ -->\n<title>Festa do Marisco gepresenteerd in Amsterdam - Galicia Tips<\/title>\n<meta name=\"robots\" content=\"index, follow, max-snippet:-1, max-image-preview:large, max-video-preview:-1\" \/>\n<link rel=\"canonical\" href=\"https:\/\/www.galiciatips.com\/nl\/2019\/07\/05\/festa-do-marisco-gepresenteerd-in-amsterdam\/\" \/>\n<meta property=\"og:locale\" content=\"nl_NL\" \/>\n<meta property=\"og:type\" content=\"article\" \/>\n<meta property=\"og:title\" content=\"Festa do Marisco gepresenteerd in Amsterdam - Galicia Tips\" \/>\n<meta property=\"og:description\" content=\"Een Galicisch feest in Nederland! Afgelopen week was de burgemeester van O Grove in Amsterdam om het vermaarde Fiesta de Marisco en de regio te promoten. Genieten van Galicische lekkernijen Voor de presentatie waren zo&#8217;n 15 Nederlandse journalisten uitgenodigd. Zij werden getrakteerd op een live cooking sessie van een Galicische chef. Uiteraard presenteerde hij heerlijke [&hellip;]\" \/>\n<meta property=\"og:url\" content=\"https:\/\/www.galiciatips.com\/nl\/2019\/07\/05\/festa-do-marisco-gepresenteerd-in-amsterdam\/\" \/>\n<meta property=\"og:site_name\" content=\"Galicia Tips\" \/>\n<meta property=\"article:publisher\" content=\"http:\/\/facebook.com\/galiciatips\" \/>\n<meta property=\"article:published_time\" content=\"2019-07-05T13:12:48+00:00\" \/>\n<meta property=\"article:modified_time\" content=\"2019-09-15T18:48:45+00:00\" \/>\n<meta property=\"og:image\" content=\"https:\/\/i1.wp.com\/www.galiciatips.com\/nl\/files\/2019\/07\/fiesta-do-marisco-amsterdam.jpg?fit=960%2C540&ssl=1\" \/>\n\t<meta property=\"og:image:width\" content=\"960\" \/>\n\t<meta property=\"og:image:height\" content=\"540\" \/>\n\t<meta property=\"og:image:type\" content=\"image\/jpeg\" \/>\n<meta name=\"author\" content=\"Rob\" \/>\n<meta name=\"twitter:card\" content=\"summary_large_image\" \/>\n<meta name=\"twitter:label1\" content=\"Geschreven door\" \/>\n\t<meta name=\"twitter:data1\" content=\"Rob\" \/>\n\t<meta name=\"twitter:label2\" content=\"Geschatte leestijd\" \/>\n\t<meta name=\"twitter:data2\" content=\"1 minuut\" \/>\n<script type=\"application\/ld+json\" class=\"yoast-schema-graph\">{\"@context\":\"https:\/\/schema.org\",\"@graph\":[{\"@type\":\"Article\",\"@id\":\"https:\/\/www.galiciatips.com\/nl\/2019\/07\/05\/festa-do-marisco-gepresenteerd-in-amsterdam\/#article\",\"isPartOf\":{\"@id\":\"https:\/\/www.galiciatips.com\/nl\/2019\/07\/05\/festa-do-marisco-gepresenteerd-in-amsterdam\/\"},\"author\":{\"name\":\"Rob\",\"@id\":\"https:\/\/www.galiciatips.com\/nl\/#\/schema\/person\/4d098088ec5620d4b1ac492389bfab15\"},\"headline\":\"Festa do Marisco gepresenteerd in Amsterdam\",\"datePublished\":\"2019-07-05T13:12:48+00:00\",\"dateModified\":\"2019-09-15T18:48:45+00:00\",\"mainEntityOfPage\":{\"@id\":\"https:\/\/www.galiciatips.com\/nl\/2019\/07\/05\/festa-do-marisco-gepresenteerd-in-amsterdam\/\"},\"wordCount\":223,\"publisher\":{\"@id\":\"https:\/\/www.galiciatips.com\/nl\/#organization\"},\"image\":{\"@id\":\"https:\/\/www.galiciatips.com\/nl\/2019\/07\/05\/festa-do-marisco-gepresenteerd-in-amsterdam\/#primaryimage\"},\"thumbnailUrl\":\"https:\/\/i0.wp.com\/www.galiciatips.com\/nl\/files\/2019\/07\/fiesta-do-marisco-amsterdam.jpg?fit=960%2C540&ssl=1\",\"keywords\":[\"eten-drinken\"],\"articleSection\":[\"Blog\"],\"inLanguage\":\"nl-NL\"},{\"@type\":\"WebPage\",\"@id\":\"https:\/\/www.galiciatips.com\/nl\/2019\/07\/05\/festa-do-marisco-gepresenteerd-in-amsterdam\/\",\"url\":\"https:\/\/www.galiciatips.com\/nl\/2019\/07\/05\/festa-do-marisco-gepresenteerd-in-amsterdam\/\",\"name\":\"Festa do Marisco gepresenteerd in Amsterdam - Galicia Tips\",\"isPartOf\":{\"@id\":\"https:\/\/www.galiciatips.com\/nl\/#website\"},\"primaryImageOfPage\":{\"@id\":\"https:\/\/www.galiciatips.com\/nl\/2019\/07\/05\/festa-do-marisco-gepresenteerd-in-amsterdam\/#primaryimage\"},\"image\":{\"@id\":\"https:\/\/www.galiciatips.com\/nl\/2019\/07\/05\/festa-do-marisco-gepresenteerd-in-amsterdam\/#primaryimage\"},\"thumbnailUrl\":\"https:\/\/i0.wp.com\/www.galiciatips.com\/nl\/files\/2019\/07\/fiesta-do-marisco-amsterdam.jpg?fit=960%2C540&ssl=1\",\"datePublished\":\"2019-07-05T13:12:48+00:00\",\"dateModified\":\"2019-09-15T18:48:45+00:00\",\"breadcrumb\":{\"@id\":\"https:\/\/www.galiciatips.com\/nl\/2019\/07\/05\/festa-do-marisco-gepresenteerd-in-amsterdam\/#breadcrumb\"},\"inLanguage\":\"nl-NL\",\"potentialAction\":[{\"@type\":\"ReadAction\",\"target\":[\"https:\/\/www.galiciatips.com\/nl\/2019\/07\/05\/festa-do-marisco-gepresenteerd-in-amsterdam\/\"]}]},{\"@type\":\"ImageObject\",\"inLanguage\":\"nl-NL\",\"@id\":\"https:\/\/www.galiciatips.com\/nl\/2019\/07\/05\/festa-do-marisco-gepresenteerd-in-amsterdam\/#primaryimage\",\"url\":\"https:\/\/i0.wp.com\/www.galiciatips.com\/nl\/files\/2019\/07\/fiesta-do-marisco-amsterdam.jpg?fit=960%2C540&ssl=1\",\"contentUrl\":\"https:\/\/i0.wp.com\/www.galiciatips.com\/nl\/files\/2019\/07\/fiesta-do-marisco-amsterdam.jpg?fit=960%2C540&ssl=1\",\"width\":960,\"height\":540},{\"@type\":\"BreadcrumbList\",\"@id\":\"https:\/\/www.galiciatips.com\/nl\/2019\/07\/05\/festa-do-marisco-gepresenteerd-in-amsterdam\/#breadcrumb\",\"itemListElement\":[{\"@type\":\"ListItem\",\"position\":1,\"name\":\"Home\",\"item\":\"https:\/\/www.galiciatips.com\/nl\/\"},{\"@type\":\"ListItem\",\"position\":2,\"name\":\"Festa do Marisco gepresenteerd in Amsterdam\"}]},{\"@type\":\"WebSite\",\"@id\":\"https:\/\/www.galiciatips.com\/nl\/#website\",\"url\":\"https:\/\/www.galiciatips.com\/nl\/\",\"name\":\"Galicia Tips\",\"description\":\"Galicia Tips - Alles over Galicia\",\"publisher\":{\"@id\":\"https:\/\/www.galiciatips.com\/nl\/#organization\"},\"potentialAction\":[{\"@type\":\"SearchAction\",\"target\":{\"@type\":\"EntryPoint\",\"urlTemplate\":\"https:\/\/www.galiciatips.com\/nl\/?s={search_term_string}\"},\"query-input\":{\"@type\":\"PropertyValueSpecification\",\"valueRequired\":true,\"valueName\":\"search_term_string\"}}],\"inLanguage\":\"nl-NL\"},{\"@type\":\"Organization\",\"@id\":\"https:\/\/www.galiciatips.com\/nl\/#organization\",\"name\":\"Galicia Tips\",\"url\":\"https:\/\/www.galiciatips.com\/nl\/\",\"logo\":{\"@type\":\"ImageObject\",\"inLanguage\":\"nl-NL\",\"@id\":\"https:\/\/www.galiciatips.com\/nl\/#\/schema\/logo\/image\/\",\"url\":\"https:\/\/i1.wp.com\/www.galiciatips.com\/nl\/files\/2017\/04\/cropped-GALICIA-TIPS-LOGO.png?fit=512%2C512&ssl=1\",\"contentUrl\":\"https:\/\/i1.wp.com\/www.galiciatips.com\/nl\/files\/2017\/04\/cropped-GALICIA-TIPS-LOGO.png?fit=512%2C512&ssl=1\",\"width\":512,\"height\":512,\"caption\":\"Galicia Tips\"},\"image\":{\"@id\":\"https:\/\/www.galiciatips.com\/nl\/#\/schema\/logo\/image\/\"},\"sameAs\":[\"http:\/\/facebook.com\/galiciatips\"]},{\"@type\":\"Person\",\"@id\":\"https:\/\/www.galiciatips.com\/nl\/#\/schema\/person\/4d098088ec5620d4b1ac492389bfab15\",\"name\":\"Rob\",\"description\":\"Dutchman who fell in love with Galicia. He studied at the University of Santiago de Compostela, lived with a Galician roommate in Barcelona, and has visited Galicia multiple times over the past 20+ years.\"}]}<\/script>\n<!-- \/ Yoast SEO plugin. -->","yoast_head_json":{"title":"Festa do Marisco gepresenteerd in Amsterdam - Galicia Tips","robots":{"index":"index","follow":"follow","max-snippet":"max-snippet:-1","max-image-preview":"max-image-preview:large","max-video-preview":"max-video-preview:-1"},"canonical":"https:\/\/www.galiciatips.com\/nl\/2019\/07\/05\/festa-do-marisco-gepresenteerd-in-amsterdam\/","og_locale":"nl_NL","og_type":"article","og_title":"Festa do Marisco gepresenteerd in Amsterdam - Galicia Tips","og_description":"Een Galicisch feest in Nederland! Afgelopen week was de burgemeester van O Grove in Amsterdam om het vermaarde Fiesta de Marisco en de regio te promoten. Genieten van Galicische lekkernijen Voor de presentatie waren zo&#8217;n 15 Nederlandse journalisten uitgenodigd. Zij werden getrakteerd op een live cooking sessie van een Galicische chef. Uiteraard presenteerde hij heerlijke [&hellip;]","og_url":"https:\/\/www.galiciatips.com\/nl\/2019\/07\/05\/festa-do-marisco-gepresenteerd-in-amsterdam\/","og_site_name":"Galicia Tips","article_publisher":"http:\/\/facebook.com\/galiciatips","article_published_time":"2019-07-05T13:12:48+00:00","article_modified_time":"2019-09-15T18:48:45+00:00","og_image":[{"width":960,"height":540,"url":"https:\/\/i1.wp.com\/www.galiciatips.com\/nl\/files\/2019\/07\/fiesta-do-marisco-amsterdam.jpg?fit=960%2C540&ssl=1","type":"image\/jpeg"}],"author":"Rob","twitter_card":"summary_large_image","twitter_misc":{"Geschreven door":"Rob","Geschatte leestijd":"1 minuut"},"schema":{"@context":"https:\/\/schema.org","@graph":[{"@type":"Article","@id":"https:\/\/www.galiciatips.com\/nl\/2019\/07\/05\/festa-do-marisco-gepresenteerd-in-amsterdam\/#article","isPartOf":{"@id":"https:\/\/www.galiciatips.com\/nl\/2019\/07\/05\/festa-do-marisco-gepresenteerd-in-amsterdam\/"},"author":{"name":"Rob","@id":"https:\/\/www.galiciatips.com\/nl\/#\/schema\/person\/4d098088ec5620d4b1ac492389bfab15"},"headline":"Festa do Marisco gepresenteerd in Amsterdam","datePublished":"2019-07-05T13:12:48+00:00","dateModified":"2019-09-15T18:48:45+00:00","mainEntityOfPage":{"@id":"https:\/\/www.galiciatips.com\/nl\/2019\/07\/05\/festa-do-marisco-gepresenteerd-in-amsterdam\/"},"wordCount":223,"publisher":{"@id":"https:\/\/www.galiciatips.com\/nl\/#organization"},"image":{"@id":"https:\/\/www.galiciatips.com\/nl\/2019\/07\/05\/festa-do-marisco-gepresenteerd-in-amsterdam\/#primaryimage"},"thumbnailUrl":"https:\/\/i0.wp.com\/www.galiciatips.com\/nl\/files\/2019\/07\/fiesta-do-marisco-amsterdam.jpg?fit=960%2C540&ssl=1","keywords":["eten-drinken"],"articleSection":["Blog"],"inLanguage":"nl-NL"},{"@type":"WebPage","@id":"https:\/\/www.galiciatips.com\/nl\/2019\/07\/05\/festa-do-marisco-gepresenteerd-in-amsterdam\/","url":"https:\/\/www.galiciatips.com\/nl\/2019\/07\/05\/festa-do-marisco-gepresenteerd-in-amsterdam\/","name":"Festa do Marisco gepresenteerd in Amsterdam - Galicia Tips","isPartOf":{"@id":"https:\/\/www.galiciatips.com\/nl\/#website"},"primaryImageOfPage":{"@id":"https:\/\/www.galiciatips.com\/nl\/2019\/07\/05\/festa-do-marisco-gepresenteerd-in-amsterdam\/#primaryimage"},"image":{"@id":"https:\/\/www.galiciatips.com\/nl\/2019\/07\/05\/festa-do-marisco-gepresenteerd-in-amsterdam\/#primaryimage"},"thumbnailUrl":"https:\/\/i0.wp.com\/www.galiciatips.com\/nl\/files\/2019\/07\/fiesta-do-marisco-amsterdam.jpg?fit=960%2C540&ssl=1","datePublished":"2019-07-05T13:12:48+00:00","dateModified":"2019-09-15T18:48:45+00:00","breadcrumb":{"@id":"https:\/\/www.galiciatips.com\/nl\/2019\/07\/05\/festa-do-marisco-gepresenteerd-in-amsterdam\/#breadcrumb"},"inLanguage":"nl-NL","potentialAction":[{"@type":"ReadAction","target":["https:\/\/www.galiciatips.com\/nl\/2019\/07\/05\/festa-do-marisco-gepresenteerd-in-amsterdam\/"]}]},{"@type":"ImageObject","inLanguage":"nl-NL","@id":"https:\/\/www.galiciatips.com\/nl\/2019\/07\/05\/festa-do-marisco-gepresenteerd-in-amsterdam\/#primaryimage","url":"https:\/\/i0.wp.com\/www.galiciatips.com\/nl\/files\/2019\/07\/fiesta-do-marisco-amsterdam.jpg?fit=960%2C540&ssl=1","contentUrl":"https:\/\/i0.wp.com\/www.galiciatips.com\/nl\/files\/2019\/07\/fiesta-do-marisco-amsterdam.jpg?fit=960%2C540&ssl=1","width":960,"height":540},{"@type":"BreadcrumbList","@id":"https:\/\/www.galiciatips.com\/nl\/2019\/07\/05\/festa-do-marisco-gepresenteerd-in-amsterdam\/#breadcrumb","itemListElement":[{"@type":"ListItem","position":1,"name":"Home","item":"https:\/\/www.galiciatips.com\/nl\/"},{"@type":"ListItem","position":2,"name":"Festa do Marisco gepresenteerd in Amsterdam"}]},{"@type":"WebSite","@id":"https:\/\/www.galiciatips.com\/nl\/#website","url":"https:\/\/www.galiciatips.com\/nl\/","name":"Galicia Tips","description":"Galicia Tips - Alles over Galicia","publisher":{"@id":"https:\/\/www.galiciatips.com\/nl\/#organization"},"potentialAction":[{"@type":"SearchAction","target":{"@type":"EntryPoint","urlTemplate":"https:\/\/www.galiciatips.com\/nl\/?s={search_term_string}"},"query-input":{"@type":"PropertyValueSpecification","valueRequired":true,"valueName":"search_term_string"}}],"inLanguage":"nl-NL"},{"@type":"Organization","@id":"https:\/\/www.galiciatips.com\/nl\/#organization","name":"Galicia Tips","url":"https:\/\/www.galiciatips.com\/nl\/","logo":{"@type":"ImageObject","inLanguage":"nl-NL","@id":"https:\/\/www.galiciatips.com\/nl\/#\/schema\/logo\/image\/","url":"https:\/\/i1.wp.com\/www.galiciatips.com\/nl\/files\/2017\/04\/cropped-GALICIA-TIPS-LOGO.png?fit=512%2C512&ssl=1","contentUrl":"https:\/\/i1.wp.com\/www.galiciatips.com\/nl\/files\/2017\/04\/cropped-GALICIA-TIPS-LOGO.png?fit=512%2C512&ssl=1","width":512,"height":512,"caption":"Galicia Tips"},"image":{"@id":"https:\/\/www.galiciatips.com\/nl\/#\/schema\/logo\/image\/"},"sameAs":["http:\/\/facebook.com\/galiciatips"]},{"@type":"Person","@id":"https:\/\/www.galiciatips.com\/nl\/#\/schema\/person\/4d098088ec5620d4b1ac492389bfab15","name":"Rob","description":"Dutchman who fell in love with Galicia. He studied at the University of Santiago de Compostela, lived with a Galician roommate in Barcelona, and has visited Galicia multiple times over the past 20+ years."}]}},"jetpack_featured_media_url":"https:\/\/i0.wp.com\/www.galiciatips.com\/nl\/files\/2019\/07\/fiesta-do-marisco-amsterdam.jpg?fit=960%2C540&ssl=1","jetpack_sharing_enabled":true,"jetpack_shortlink":"https:\/\/wp.me\/paGNM0-9G","jetpack-related-posts":[{"id":744,"url":"https:\/\/www.galiciatips.com\/nl\/2019\/12\/25\/tafelvoetbal-galicische-uitvinding\/","url_meta":{"origin":600,"position":0},"title":"Tafelvoetbal, een Galicische uitvinding?","author":"Rob","date":"25 december 2019","format":false,"excerpt":"Hoe vaak ik dit in Galicische kroegen wel niet heb moeten horen: \"O futbol\u00edn \u00e9 un invento galego\" (\u201ctafelvoetbal is een Galicische uitvinding\u201d). Bij ieder potje tafelvoetbal werd het wel vermeld. De Gallegos zijn er trots op en vertellen het graag. Waar komt deze legende vandaag en klopt het wel\u2026","rel":"","context":"In &quot;Blog&quot;","block_context":{"text":"Blog","link":"https:\/\/www.galiciatips.com\/nl\/category\/blog\/"},"img":{"alt_text":"","src":"https:\/\/i0.wp.com\/www.galiciatips.com\/nl\/files\/2019\/12\/finisterre-futbolin.jpg?fit=468%2C308&ssl=1&resize=350%2C200","width":350,"height":200},"classes":[]},{"id":423,"url":"https:\/\/www.galiciatips.com\/nl\/2019\/02\/04\/docu-galicische-voetbalderby-depor-celta\/","url_meta":{"origin":600,"position":1},"title":"[docu] Galicische voetbalderby: Depor &#8211; Celta","author":"Rob","date":"4 februari 2019","format":false,"excerpt":"Voetbalfans opgelet, in de volgende documentaire ga je kopje onder in 'O Derbi galego', oftewel de Galicische derby tussen Deportivo a Coru\u00f1a en Celta de Vigo. ps. Engels gesproken, zonder ondertiteling Maar het is niet alleen maar voetbal. De eerste 6 minuten gaan zelfs helemaal niet over voetbal, maar vooral\u2026","rel":"","context":"In &quot;Blog&quot;","block_context":{"text":"Blog","link":"https:\/\/www.galiciatips.com\/nl\/category\/blog\/"},"img":{"alt_text":"Derby galicia depor vigo","src":"https:\/\/i0.wp.com\/www.galiciatips.com\/nl\/files\/2019\/02\/Derby-galicia-depor-vigo.png?fit=1200%2C672&ssl=1&resize=350%2C200","width":350,"height":200,"srcset":"https:\/\/i0.wp.com\/www.galiciatips.com\/nl\/files\/2019\/02\/Derby-galicia-depor-vigo.png?fit=1200%2C672&ssl=1&resize=350%2C200 1x, https:\/\/i0.wp.com\/www.galiciatips.com\/nl\/files\/2019\/02\/Derby-galicia-depor-vigo.png?fit=1200%2C672&ssl=1&resize=525%2C300 1.5x, https:\/\/i0.wp.com\/www.galiciatips.com\/nl\/files\/2019\/02\/Derby-galicia-depor-vigo.png?fit=1200%2C672&ssl=1&resize=700%2C400 2x, https:\/\/i0.wp.com\/www.galiciatips.com\/nl\/files\/2019\/02\/Derby-galicia-depor-vigo.png?fit=1200%2C672&ssl=1&resize=1050%2C600 3x"},"classes":[]},{"id":790,"url":"https:\/\/www.galiciatips.com\/nl\/2020\/01\/12\/het-lettertype-van-galicie\/","url_meta":{"origin":600,"position":2},"title":"Het lettertype van Galici\u00eb","author":"Rob","date":"12 januari 2020","format":false,"excerpt":"Wat ik nu toch ontdekte: Galici\u00eb heeft zijn eigen lettertype!\u00a0 Het type letters herken je misschien wel. Je ziet ze regelmatig in Galici\u00eb. Typisch Galicisch, dacht ik dan ook meteen toen ik het lettertype zag. Ik kwam het lettertype bij toeval tegen tijdens het onderzoek voor mijn artikel over de\u2026","rel":"","context":"In &quot;Blog&quot;","block_context":{"text":"Blog","link":"https:\/\/www.galiciatips.com\/nl\/category\/blog\/"},"img":{"alt_text":"","src":"https:\/\/i0.wp.com\/www.galiciatips.com\/nl\/files\/2020\/01\/Galicisch-lettertype.png?fit=700%2C700&ssl=1&resize=350%2C200","width":350,"height":200,"srcset":"https:\/\/i0.wp.com\/www.galiciatips.com\/nl\/files\/2020\/01\/Galicisch-lettertype.png?fit=700%2C700&ssl=1&resize=350%2C200 1x, https:\/\/i0.wp.com\/www.galiciatips.com\/nl\/files\/2020\/01\/Galicisch-lettertype.png?fit=700%2C700&ssl=1&resize=525%2C300 1.5x, https:\/\/i0.wp.com\/www.galiciatips.com\/nl\/files\/2020\/01\/Galicisch-lettertype.png?fit=700%2C700&ssl=1&resize=700%2C400 2x"},"classes":[]},{"id":877,"url":"https:\/\/www.galiciatips.com\/nl\/2020\/05\/13\/nordes-atlantic-gin\/","url_meta":{"origin":600,"position":3},"title":"Nord\u00e9s Atlantic Gin &#8211; Proef Galici\u00eb in je Gin-Tonic","author":"Rob","date":"13 mei 2020","format":false,"excerpt":"Haal Galici\u00eb in huis deze zomer. Met stip mijn zomertip voor thuis deze zomer: Nord\u00e9s Atlantic Gin. Geen typisch Galicisch product, maar gewoon een fantastisch product dat toevallig (of niet toevallig) in Galici\u00eb geproduceerd wordt. Een prijswinnende gin, dat moest ik natuurlijk proberen. Ik houd wel van een gin-tonic, maar\u2026","rel":"","context":"In &quot;Blog&quot;","block_context":{"text":"Blog","link":"https:\/\/www.galiciatips.com\/nl\/category\/blog\/"},"img":{"alt_text":"","src":"https:\/\/i0.wp.com\/www.galiciatips.com\/nl\/files\/2020\/05\/nordes-atlantic-gin-tonic.jpg?resize=350%2C200&ssl=1","width":350,"height":200},"classes":[]},{"id":1111,"url":"https:\/\/www.galiciatips.com\/nl\/2021\/01\/10\/doedelzak-in-galicische-stijl-susana-seivane-dende-o-meu-balcon\/","url_meta":{"origin":600,"position":4},"title":"La Gaita, doedelzak in Galicische stijl: Susana Seivane &#8211; dende o meu balc\u00f3n","author":"Rob","date":"10 januari 2021","format":false,"excerpt":"Op de valreep van 2020 bracht de bekende doedelzakspeelster Susana Seivane een nieuw album uit: Dende o meu balc\u00f3n. Een heerlijk album vol doedelzakmuziek. Droom weg met de doedelzak in Galicische stijl. Wat hoor je op Dende o meu balcon Susana Seivane presenteert op haar nieuwe album een moderne uitvoering\u2026","rel":"","context":"In &quot;Blog&quot;","block_context":{"text":"Blog","link":"https:\/\/www.galiciatips.com\/nl\/category\/blog\/"},"img":{"alt_text":"","src":"https:\/\/i0.wp.com\/www.galiciatips.com\/nl\/files\/2021\/01\/7-s-Portada-dende-o-meu-balcon.jpg?fit=981%2C981&ssl=1&resize=350%2C200","width":350,"height":200,"srcset":"https:\/\/i0.wp.com\/www.galiciatips.com\/nl\/files\/2021\/01\/7-s-Portada-dende-o-meu-balcon.jpg?fit=981%2C981&ssl=1&resize=350%2C200 1x, https:\/\/i0.wp.com\/www.galiciatips.com\/nl\/files\/2021\/01\/7-s-Portada-dende-o-meu-balcon.jpg?fit=981%2C981&ssl=1&resize=525%2C300 1.5x, https:\/\/i0.wp.com\/www.galiciatips.com\/nl\/files\/2021\/01\/7-s-Portada-dende-o-meu-balcon.jpg?fit=981%2C981&ssl=1&resize=700%2C400 2x"},"classes":[]},{"id":1245,"url":"https:\/\/www.galiciatips.com\/nl\/2021\/10\/30\/rechter-oordeelt-dat-binnenland-galicie-te-afgelegen-is-voor-opvoeden-kind\/","url_meta":{"origin":600,"position":5},"title":"Rechter oordeelt dat binnenland Galici\u00eb te afgelegen is voor opvoeden kind","author":"Rob","date":"30 oktober 2021","format":false,"excerpt":"Een opvallend nieuwsbericht deze week. Een rechter oordeelt in een scheidingszaak dat het binnenland van Galici\u00eb geen goede omgeving is voor een kind om op te groeien. Wat was er gebeurd? Een Galicische vrouw scheidde van haar man in Marbella, aan de oostkust van Spanje, en verhuisde terug naar het\u2026","rel":"","context":"In &quot;Blog&quot;","block_context":{"text":"Blog","link":"https:\/\/www.galiciatips.com\/nl\/category\/blog\/"},"img":{"alt_text":"","src":"https:\/\/i0.wp.com\/www.galiciatips.com\/nl\/files\/2021\/10\/galicia-ninons.jpeg?fit=900%2C506&ssl=1&resize=350%2C200","width":350,"height":200,"srcset":"https:\/\/i0.wp.com\/www.galiciatips.com\/nl\/files\/2021\/10\/galicia-ninons.jpeg?fit=900%2C506&ssl=1&resize=350%2C200 1x, https:\/\/i0.wp.com\/www.galiciatips.com\/nl\/files\/2021\/10\/galicia-ninons.jpeg?fit=900%2C506&ssl=1&resize=525%2C300 1.5x, https:\/\/i0.wp.com\/www.galiciatips.com\/nl\/files\/2021\/10\/galicia-ninons.jpeg?fit=900%2C506&ssl=1&resize=700%2C400 2x"},"classes":[]}],"jetpack_likes_enabled":true,"_links":{"self":[{"href":"https:\/\/www.galiciatips.com\/nl\/wp-json\/wp\/v2\/posts\/600","targetHints":{"allow":["GET"]}}],"collection":[{"href":"https:\/\/www.galiciatips.com\/nl\/wp-json\/wp\/v2\/posts"}],"about":[{"href":"https:\/\/www.galiciatips.com\/nl\/wp-json\/wp\/v2\/types\/post"}],"author":[{"embeddable":true,"href":"https:\/\/www.galiciatips.com\/nl\/wp-json\/wp\/v2\/users\/1"}],"replies":[{"embeddable":true,"href":"https:\/\/www.galiciatips.com\/nl\/wp-json\/wp\/v2\/comments?post=600"}],"version-history":[{"count":2,"href":"https:\/\/www.galiciatips.com\/nl\/wp-json\/wp\/v2\/posts\/600\/revisions"}],"predecessor-version":[{"id":614,"href":"https:\/\/www.galiciatips.com\/nl\/wp-json\/wp\/v2\/posts\/600\/revisions\/614"}],"wp:featuredmedia":[{"embeddable":true,"href":"https:\/\/www.galiciatips.com\/nl\/wp-json\/wp\/v2\/media\/601"}],"wp:attachment":[{"href":"https:\/\/www.galiciatips.com\/nl\/wp-json\/wp\/v2\/media?parent=600"}],"wp:term":[{"taxonomy":"category","embeddable":true,"href":"https:\/\/www.galiciatips.com\/nl\/wp-json\/wp\/v2\/categories?post=600"},{"taxonomy":"post_tag","embeddable":true,"href":"https:\/\/www.galiciatips.com\/nl\/wp-json\/wp\/v2\/tags?post=600"}],"curies":[{"name":"wp","href":"https:\/\/api.w.org\/{rel}","templated":true}]}}